{"id":1009,"date":"2014-12-12T17:16:15","date_gmt":"2014-12-12T19:16:15","guid":{"rendered":"http:\/\/www.satedsp.org.br\/2014\/12\/12\/falece-oswaldo-avila\/"},"modified":"2014-12-12T17:16:15","modified_gmt":"2014-12-12T19:16:15","slug":"falece-oswaldo-avila","status":"publish","type":"post","link":"https:\/\/satedsp.org.br\/index.php\/2014\/12\/12\/falece-oswaldo-avila\/","title":{"rendered":"Falece Oswaldo Avila"},"content":{"rendered":"<p style=\"text-align: justify;\">Faleceu ontem a noite o ator OSWALDO AVILA.  Apaixonado pelas \u201cartes e pelas mulheres\u201d, como  ele pr\u00f3prio confessava, foi tamb\u00e9m um lutador pelas causas da categoria art\u00edstica. Na segunda gest\u0103o do SATED ocupou o cargo de diretor-tesoureiro e entre seus trabalhos mais conhecidos est\u00e1 a pe\u00e7a \u201cDoze Homens e uma Senten\u00e7a\u201d.  Oswaldo estava com 83 anos. Foi sepultado hoje, \u00e0s 16h00, no Cemit\u00e9rio \u201cVale dos Reis\u201d, em Tabo\u0103o da Serra.<\/p>\n<p style=\"text-align: center;\"><img fetchpriority=\"high\" decoding=\"async\" class=\" size-full wp-image-1007\" src=\"http:\/\/www.satedsp.org.br\/wp-content\/uploads\/2014\/12\/oswaldo_avila.jpg\" border=\"0\" width=\"320\" height=\"190\" srcset=\"https:\/\/satedsp.org.br\/wp-content\/uploads\/2014\/12\/oswaldo_avila.jpg 320w, https:\/\/satedsp.org.br\/wp-content\/uploads\/2014\/12\/oswaldo_avila-300x178.jpg 300w\" sizes=\"(max-width: 600px) 100vw, 320px\" \/><\/p>\n<p class=\"p1\" style=\"text-align: center;\"><span class=\"s1\">Oswaldo Avila<\/span><\/p>\n<p style=\"text-align: center;\">\u00a0<\/p>\n<p style=\"text-align: center;\"><img decoding=\"async\" class=\" size-full wp-image-1008\" src=\"http:\/\/www.satedsp.org.br\/wp-content\/uploads\/2014\/12\/oswaldo_avila2.jpg\" border=\"0\" width=\"550\" height=\"398\" srcset=\"https:\/\/satedsp.org.br\/wp-content\/uploads\/2014\/12\/oswaldo_avila2.jpg 550w, https:\/\/satedsp.org.br\/wp-content\/uploads\/2014\/12\/oswaldo_avila2-300x217.jpg 300w, https:\/\/satedsp.org.br\/wp-content\/uploads\/2014\/12\/oswaldo_avila2-370x268.jpg 370w\" sizes=\"(max-width: 600px) 100vw, 550px\" \/><\/p>\n<p class=\"p1\" style=\"text-align: center;\"><span class=\"s1\">Em cena na pe\u00e7a\u00a0 \u201cDoze homens e uma senten\u00e7a\u201d<\/span><\/p>\n<p style=\"text-align: center;\">\u00a0<\/p>\n","protected":false},"excerpt":{"rendered":"<p>Faleceu ontem a noite o ator OSWALDO AVILA. Apaixonado pelas \u201cartes e pelas mulheres\u201d, como ele pr\u00f3prio confessava, foi tamb\u00e9m um lutador pelas causas da categoria art\u00edstica. Na segunda gest\u0103o do SATED ocupou o cargo de diretor-tesoureiro e entre seus trabalhos mais conhecidos est\u00e1 a pe\u00e7a \u201cDoze Homens e uma Senten\u00e7a\u201d. Oswaldo estava com 83&hellip;<\/p>\n","protected":false},"author":1,"featured_media":1007,"comment_status":"open","ping_status":"open","sticky":false,"template":"","format":"standard","meta":{"cybocfi_hide_featured_image":"","footnotes":""},"categories":[8],"tags":[],"class_list":["post-1009","post","type-post","status-publish","format-standard","has-post-thumbnail","hentry","category-sem-categoria"],"_links":{"self":[{"href":"https:\/\/satedsp.org.br\/index.php\/wp-json\/wp\/v2\/posts\/1009","targetHints":{"allow":["GET"]}}],"collection":[{"href":"https:\/\/satedsp.org.br\/index.php\/wp-json\/wp\/v2\/posts"}],"about":[{"href":"https:\/\/satedsp.org.br\/index.php\/wp-json\/wp\/v2\/types\/post"}],"author":[{"embeddable":true,"href":"https:\/\/satedsp.org.br\/index.php\/wp-json\/wp\/v2\/users\/1"}],"replies":[{"embeddable":true,"href":"https:\/\/satedsp.org.br\/index.php\/wp-json\/wp\/v2\/comments?post=1009"}],"version-history":[{"count":0,"href":"https:\/\/satedsp.org.br\/index.php\/wp-json\/wp\/v2\/posts\/1009\/revisions"}],"wp:featuredmedia":[{"embeddable":true,"href":"https:\/\/satedsp.org.br\/index.php\/wp-json\/wp\/v2\/media\/1007"}],"wp:attachment":[{"href":"https:\/\/satedsp.org.br\/index.php\/wp-json\/wp\/v2\/media?parent=1009"}],"wp:term":[{"taxonomy":"category","embeddable":true,"href":"https:\/\/satedsp.org.br\/index.php\/wp-json\/wp\/v2\/categories?post=1009"},{"taxonomy":"post_tag","embeddable":true,"href":"https:\/\/satedsp.org.br\/index.php\/wp-json\/wp\/v2\/tags?post=1009"}],"curies":[{"name":"wp","href":"https:\/\/api.w.org\/{rel}","templated":true}]}}