{"id":10699,"date":"2020-05-08T12:01:20","date_gmt":"2020-05-08T15:01:20","guid":{"rendered":"https:\/\/www.satedsp.org.br\/?p=10699"},"modified":"2020-05-08T12:01:20","modified_gmt":"2020-05-08T15:01:20","slug":"inscricoes-para-o-projeto-e-vivencias-memorias-experiencias-e-teorias","status":"publish","type":"post","link":"https:\/\/satedsp.org.br\/index.php\/2020\/05\/08\/inscricoes-para-o-projeto-e-vivencias-memorias-experiencias-e-teorias\/","title":{"rendered":"Secret\u00e1ria de Cultura lan\u00e7a Edital E-viv\u00eancias para profissionais das \u00e1reas t\u00e9cnicas do setor cultural"},"content":{"rendered":"<p><img fetchpriority=\"high\" decoding=\"async\" class=\" wp-image-10700 alignright\" src=\"https:\/\/satedsp.org.br\/novo\/wp-content\/uploads\/2020\/05\/e-vivencia.jpeg\" alt=\"\" width=\"492\" height=\"492\" srcset=\"https:\/\/satedsp.org.br\/wp-content\/uploads\/2020\/05\/e-vivencia.jpeg 1280w, https:\/\/satedsp.org.br\/wp-content\/uploads\/2020\/05\/e-vivencia-300x300.jpeg 300w, https:\/\/satedsp.org.br\/wp-content\/uploads\/2020\/05\/e-vivencia-1024x1024.jpeg 1024w, https:\/\/satedsp.org.br\/wp-content\/uploads\/2020\/05\/e-vivencia-150x150.jpeg 150w, https:\/\/satedsp.org.br\/wp-content\/uploads\/2020\/05\/e-vivencia-768x768.jpeg 768w, https:\/\/satedsp.org.br\/wp-content\/uploads\/2020\/05\/e-vivencia-370x370.jpeg 370w, https:\/\/satedsp.org.br\/wp-content\/uploads\/2020\/05\/e-vivencia-120x120.jpeg 120w, https:\/\/satedsp.org.br\/wp-content\/uploads\/2020\/05\/e-vivencia-1080x1080.jpeg 1080w, https:\/\/satedsp.org.br\/wp-content\/uploads\/2020\/05\/e-vivencia-865x865.jpeg 865w, https:\/\/satedsp.org.br\/wp-content\/uploads\/2020\/05\/e-vivencia-642x642.jpeg 642w, https:\/\/satedsp.org.br\/wp-content\/uploads\/2020\/05\/e-vivencia-160x160.jpeg 160w\" sizes=\"(max-width: 600px) 100vw, 492px\" \/><\/p>\n<p><strong>Est\u00e3o abertas as inscri\u00e7\u00f5es para o projeto E-viv\u00eancias &#8211; Mem\u00f3rias, Experi\u00eancias e Teorias.<\/strong><\/p>\n<p>Interessados em realizar atividades e apresenta\u00e7\u00f5es art\u00edsticas online j\u00e1 podem enviar suas propostas.<\/p>\n<p>A Prefeitura de S\u00e3o Paulo, por meio da Secretaria Municipal de Cultura, abre chamada para interessados em participar do E-viv\u00eancias &#8211; Mem\u00f3rias, Experi\u00eancias e Teorias.<\/p>\n<p>O projeto, que corresponde \u00e0 programa\u00e7\u00e3o das Casas de Cultura da SMC, d\u00e1 continuidade \u00e0s a\u00e7\u00f5es de incentivo \u00e0 cultura e ao setor art\u00edstico durante o per\u00edodo de restri\u00e7\u00f5es a aglomera\u00e7\u00f5es devido ao combate \u00e0 Covid-19.<\/p>\n<p>At\u00e9 o dia 1\u00ba de setembro, os artistas interessados podem enviar as suas propostas para disponibilizar conte\u00fados nas redes sociais da SMC e tamb\u00e9m do pr\u00f3prio proponente.<\/p>\n<p>Este edital \u00e9 destinado a profissionais das \u00e1reas t\u00e9cnicas do setor cultural, especialmente baixa renda, perif\u00e9rica e residentes em bairros com alto \u00edndice de vulnerabilidade no munic\u00edpio de S\u00e3o Paulo.<\/p>\n<p>Entretanto, podem se inscrever profissionais de qualquer regi\u00e3o da cidade, independente da renda.<\/p>\n<p>Podem ser inscritos projetos de atividades pr\u00e1ticas, l\u00fadicas e de frui\u00e7\u00e3o cultural, que instiguem a experimenta\u00e7\u00e3o, a reflex\u00e3o, a inicia\u00e7\u00e3o de pr\u00e1tica art\u00edstica, a forma\u00e7\u00e3o de grupos e a socializa\u00e7\u00e3o, e que tamb\u00e9m proporcionem o conhecimento e o desenvolvimento dos variados modos de produ\u00e7\u00e3o, a atualiza\u00e7\u00e3o e o enriquecimento da experi\u00eancia de vida e a forma\u00e7\u00e3o.<\/p>\n<p>Link do chamamento completo na bio: <a href=\"https:\/\/www.prefeitura.sp.gov.br\/cidade\/secretarias\/cultura\/noticias\/index.php?p=27823\">https:\/\/www.prefeitura.sp.gov.br\/cidade\/secretarias\/cultura\/noticias\/index.php?p=27823<\/a><br \/>\n\u2800\u2800\u2800\u2800\u2800\u2800\u2800\u2800\u2800\u2800\u2800\u2800\u2800\u2800\u2800\u2800\u2800\u2800<br \/>\nEm caso de d\u00favidas, entre em contato: vivencias.smc@gmail.com<br \/>\n#culturapresente #eviv\u00eancia<\/p>\n","protected":false},"excerpt":{"rendered":"<p>Est\u00e3o abertas as inscri\u00e7\u00f5es para o projeto E-viv\u00eancias &#8211; Mem\u00f3rias, Experi\u00eancias e Teorias. Interessados em realizar atividades e apresenta\u00e7\u00f5es art\u00edsticas online j\u00e1 podem enviar suas propostas. A Prefeitura de S\u00e3o Paulo, por meio da Secretaria Municipal de Cultura, abre chamada para interessados em participar do E-viv\u00eancias &#8211; Mem\u00f3rias, Experi\u00eancias e Teorias. O projeto, que corresponde&hellip;<\/p>\n","protected":false},"author":1,"featured_media":10700,"comment_status":"closed","ping_status":"closed","sticky":false,"template":"","format":"standard","meta":{"cybocfi_hide_featured_image":"","footnotes":""},"categories":[13],"tags":[],"class_list":["post-10699","post","type-post","status-publish","format-standard","has-post-thumbnail","hentry","category-informes"],"_links":{"self":[{"href":"https:\/\/satedsp.org.br\/index.php\/wp-json\/wp\/v2\/posts\/10699","targetHints":{"allow":["GET"]}}],"collection":[{"href":"https:\/\/satedsp.org.br\/index.php\/wp-json\/wp\/v2\/posts"}],"about":[{"href":"https:\/\/satedsp.org.br\/index.php\/wp-json\/wp\/v2\/types\/post"}],"author":[{"embeddable":true,"href":"https:\/\/satedsp.org.br\/index.php\/wp-json\/wp\/v2\/users\/1"}],"replies":[{"embeddable":true,"href":"https:\/\/satedsp.org.br\/index.php\/wp-json\/wp\/v2\/comments?post=10699"}],"version-history":[{"count":0,"href":"https:\/\/satedsp.org.br\/index.php\/wp-json\/wp\/v2\/posts\/10699\/revisions"}],"wp:featuredmedia":[{"embeddable":true,"href":"https:\/\/satedsp.org.br\/index.php\/wp-json\/wp\/v2\/media\/10700"}],"wp:attachment":[{"href":"https:\/\/satedsp.org.br\/index.php\/wp-json\/wp\/v2\/media?parent=10699"}],"wp:term":[{"taxonomy":"category","embeddable":true,"href":"https:\/\/satedsp.org.br\/index.php\/wp-json\/wp\/v2\/categories?post=10699"},{"taxonomy":"post_tag","embeddable":true,"href":"https:\/\/satedsp.org.br\/index.php\/wp-json\/wp\/v2\/tags?post=10699"}],"curies":[{"name":"wp","href":"https:\/\/api.w.org\/{rel}","templated":true}]}}