{"id":10991,"date":"2020-06-30T15:25:12","date_gmt":"2020-06-30T18:25:12","guid":{"rendered":"https:\/\/www.satedsp.org.br\/?p=10991"},"modified":"2020-06-30T15:25:12","modified_gmt":"2020-06-30T18:25:12","slug":"protocolo-emergencial-de-biosseguranca-covid19-mercado-audiovisual","status":"publish","type":"post","link":"https:\/\/satedsp.org.br\/index.php\/2020\/06\/30\/protocolo-emergencial-de-biosseguranca-covid19-mercado-audiovisual\/","title":{"rendered":"Protocolo Emergencial de Biosseguran\u00e7a Covid19 &#8211; Mercado Audiovisual (1\u00aa Fase)"},"content":{"rendered":"<p><a href=\"https:\/\/satedsp.org.br\/novo\/wp-content\/uploads\/2020\/06\/Sated-Fase-1-.pdf\"><img fetchpriority=\"high\" decoding=\"async\" class=\"wp-image-10989 alignleft\" src=\"https:\/\/www.satedsp.org.br\/wp-content\/uploads\/2020\/06\/Protocolo-Emergencial-e1593523278614.jpg\" alt=\"\" width=\"193\" height=\"275\" \/><\/a>Foi protocolado junto a prefeitura de SP na data de ontem (29\/06\/20) , o &#8220;Protocolo Emergencial de Biosseguran\u00e7a Covid19 &#8211; Mercado Audiovisual&#8221;. Este protocolo faz refer\u00eancia ao Elenco e a 1\u00aa fase que se enquadra \u00e0 medida do Poder P\u00fablico mais restritiva (distanciamento, isolamento social ou lockdown), onde fica caracterizada a suspens\u00e3o das filmagens e grava\u00e7\u00f5es em loca\u00e7\u00f5es p\u00fablicas e particulares.<\/p>\n<p>Neste momento fica autorizado somente filmagens remotas, com deslocamento m\u00ednimo de equipe.<\/p>\n<p>A comiss\u00e3o formada por atrizes, atores e produtores de elenco continua o trabalho para que seja conclu\u00eddo as demais fases deste protocolo.<\/p>\n<p>Acesse: <a href=\"https:\/\/satedsp.org.br\/novo\/wp-content\/uploads\/2020\/06\/Sated-Fase-1_compressed-1.pdf\">Protocolo Emergencial Covid 19 &#8211; Setor Audioviual<\/a><\/p>\n<p>#ProtocoloEmergencialdeBiosseguran\u00e7aCovid19MercadoAudiovisual #protocoloelenco\u00a0\u00a0\u00a0\u00a0 #protocoloemergencialaudiovisual\u00a0 #satedsp\u00a0 #protocolosatedsp\u00a0 #seguran\u00e7aesaudedeartistasnoaudiovisual\u00a0 #lei6533<\/p>\n<p>&nbsp;<\/p>\n","protected":false},"excerpt":{"rendered":"<p>Foi protocolado junto a prefeitura de SP na data de ontem (29\/06\/20) , o &#8220;Protocolo Emergencial de Biosseguran\u00e7a Covid19 &#8211; Mercado Audiovisual&#8221;. Este protocolo faz refer\u00eancia ao Elenco e a 1\u00aa fase que se enquadra \u00e0 medida do Poder P\u00fablico mais restritiva (distanciamento, isolamento social ou lockdown), onde fica caracterizada a suspens\u00e3o das filmagens e&hellip;<\/p>\n","protected":false},"author":1,"featured_media":10989,"comment_status":"closed","ping_status":"closed","sticky":false,"template":"","format":"standard","meta":{"cybocfi_hide_featured_image":"","footnotes":""},"categories":[13],"tags":[],"class_list":["post-10991","post","type-post","status-publish","format-standard","has-post-thumbnail","hentry","category-informes"],"_links":{"self":[{"href":"https:\/\/satedsp.org.br\/index.php\/wp-json\/wp\/v2\/posts\/10991","targetHints":{"allow":["GET"]}}],"collection":[{"href":"https:\/\/satedsp.org.br\/index.php\/wp-json\/wp\/v2\/posts"}],"about":[{"href":"https:\/\/satedsp.org.br\/index.php\/wp-json\/wp\/v2\/types\/post"}],"author":[{"embeddable":true,"href":"https:\/\/satedsp.org.br\/index.php\/wp-json\/wp\/v2\/users\/1"}],"replies":[{"embeddable":true,"href":"https:\/\/satedsp.org.br\/index.php\/wp-json\/wp\/v2\/comments?post=10991"}],"version-history":[{"count":0,"href":"https:\/\/satedsp.org.br\/index.php\/wp-json\/wp\/v2\/posts\/10991\/revisions"}],"wp:featuredmedia":[{"embeddable":true,"href":"https:\/\/satedsp.org.br\/index.php\/wp-json\/wp\/v2\/media\/10989"}],"wp:attachment":[{"href":"https:\/\/satedsp.org.br\/index.php\/wp-json\/wp\/v2\/media?parent=10991"}],"wp:term":[{"taxonomy":"category","embeddable":true,"href":"https:\/\/satedsp.org.br\/index.php\/wp-json\/wp\/v2\/categories?post=10991"},{"taxonomy":"post_tag","embeddable":true,"href":"https:\/\/satedsp.org.br\/index.php\/wp-json\/wp\/v2\/tags?post=10991"}],"curies":[{"name":"wp","href":"https:\/\/api.w.org\/{rel}","templated":true}]}}