{"id":11049,"date":"2020-07-06T16:51:37","date_gmt":"2020-07-06T19:51:37","guid":{"rendered":"https:\/\/www.satedsp.org.br\/?p=11049"},"modified":"2020-07-06T16:51:37","modified_gmt":"2020-07-06T19:51:37","slug":"cartilha-memoria-e-analise-da-lei-aldir-blanc","status":"publish","type":"post","link":"https:\/\/satedsp.org.br\/index.php\/2020\/07\/06\/cartilha-memoria-e-analise-da-lei-aldir-blanc\/","title":{"rendered":"Cartilha, mem\u00f3ria e an\u00e1lise da Lei Aldir Blanc"},"content":{"rendered":"<p><img decoding=\"async\" class=\" wp-image-11051 alignleft\" src=\"https:\/\/satedsp.org.br\/novo\/wp-content\/uploads\/2020\/07\/Lei-Aldir-Blanc-257x300.jpg\" alt=\"\" width=\"194\" height=\"226\" srcset=\"https:\/\/satedsp.org.br\/wp-content\/uploads\/2020\/07\/Lei-Aldir-Blanc-257x300.jpg 257w, https:\/\/satedsp.org.br\/wp-content\/uploads\/2020\/07\/Lei-Aldir-Blanc-879x1024.jpg 879w, https:\/\/satedsp.org.br\/wp-content\/uploads\/2020\/07\/Lei-Aldir-Blanc-768x895.jpg 768w, https:\/\/satedsp.org.br\/wp-content\/uploads\/2020\/07\/Lei-Aldir-Blanc-370x431.jpg 370w, https:\/\/satedsp.org.br\/wp-content\/uploads\/2020\/07\/Lei-Aldir-Blanc-865x1008.jpg 865w, https:\/\/satedsp.org.br\/wp-content\/uploads\/2020\/07\/Lei-Aldir-Blanc-642x748.jpg 642w, https:\/\/satedsp.org.br\/wp-content\/uploads\/2020\/07\/Lei-Aldir-Blanc.jpg 1057w\" sizes=\"(max-width: 194px) 100vw, 194px\" \/>A constru\u00e7\u00e3o do projeto da lei de emerg\u00eancia cultural Aldir Blanc resulta de um processo de ampla escuta da comunidade cultural brasileira e de um trabalho coletivo que expressa diferentes vozes, representado por agentes de diversos setores do mundo pol\u00edtico, cultural e social.<\/p>\n<p>De gestores de Estado a artistas, trabalhadores e trabalhadoras da cultura, passando por t\u00e9cnicos e demais setores que muitas vezes s\u00e3o invisibilizados na tessitura dos bens culturais, tais como as costureiras, montadores de palco e cen\u00e1rios, o respons\u00e1vel pela seguran\u00e7a, pela monitoria de cada ato art\u00edstico e cultural, os mestres e mestras do conhecimento. Trata-se de um ecossistema com diversas fontes, formas e atores que, na constru\u00e7\u00e3o dessa proposta legislativas&#8230;.<a href=\"https:\/\/satedsp.org.br\/novo\/wp-content\/uploads\/2020\/07\/Memoria-e-Analise-sobre-a-Lei-Aldir-Blanc.pdf\">(Clique aqui para continuar a leitura)<\/a><\/p>\n<p>#leialdirblanc #leiemergencialculrural #satedspeleideemergenciacultural<\/p>\n","protected":false},"excerpt":{"rendered":"<p>A constru\u00e7\u00e3o do projeto da lei de emerg\u00eancia cultural Aldir Blanc resulta de um processo de ampla escuta da comunidade cultural brasileira e de um trabalho coletivo que expressa diferentes vozes, representado por agentes de diversos setores do mundo pol\u00edtico, cultural e social. De gestores de Estado a artistas, trabalhadores e trabalhadoras da cultura, passando&hellip;<\/p>\n","protected":false},"author":1,"featured_media":11051,"comment_status":"closed","ping_status":"closed","sticky":false,"template":"","format":"standard","meta":{"cybocfi_hide_featured_image":"","footnotes":""},"categories":[13],"tags":[],"class_list":["post-11049","post","type-post","status-publish","format-standard","has-post-thumbnail","hentry","category-informes"],"_links":{"self":[{"href":"https:\/\/satedsp.org.br\/index.php\/wp-json\/wp\/v2\/posts\/11049","targetHints":{"allow":["GET"]}}],"collection":[{"href":"https:\/\/satedsp.org.br\/index.php\/wp-json\/wp\/v2\/posts"}],"about":[{"href":"https:\/\/satedsp.org.br\/index.php\/wp-json\/wp\/v2\/types\/post"}],"author":[{"embeddable":true,"href":"https:\/\/satedsp.org.br\/index.php\/wp-json\/wp\/v2\/users\/1"}],"replies":[{"embeddable":true,"href":"https:\/\/satedsp.org.br\/index.php\/wp-json\/wp\/v2\/comments?post=11049"}],"version-history":[{"count":0,"href":"https:\/\/satedsp.org.br\/index.php\/wp-json\/wp\/v2\/posts\/11049\/revisions"}],"wp:featuredmedia":[{"embeddable":true,"href":"https:\/\/satedsp.org.br\/index.php\/wp-json\/wp\/v2\/media\/11051"}],"wp:attachment":[{"href":"https:\/\/satedsp.org.br\/index.php\/wp-json\/wp\/v2\/media?parent=11049"}],"wp:term":[{"taxonomy":"category","embeddable":true,"href":"https:\/\/satedsp.org.br\/index.php\/wp-json\/wp\/v2\/categories?post=11049"},{"taxonomy":"post_tag","embeddable":true,"href":"https:\/\/satedsp.org.br\/index.php\/wp-json\/wp\/v2\/tags?post=11049"}],"curies":[{"name":"wp","href":"https:\/\/api.w.org\/{rel}","templated":true}]}}