{"id":1150,"date":"2018-02-26T20:30:46","date_gmt":"2018-02-26T23:30:46","guid":{"rendered":"http:\/\/www.satedsp.org.br\/2018\/02\/26\/campanha-de-anistiados\/"},"modified":"2018-02-26T20:30:46","modified_gmt":"2018-02-26T23:30:46","slug":"campanha-de-anistiados","status":"publish","type":"post","link":"https:\/\/satedsp.org.br\/index.php\/2018\/02\/26\/campanha-de-anistiados\/","title":{"rendered":"Campanha de anistiados"},"content":{"rendered":"<h2 style=\"text-align: justify;\">(Para s\u00f3cios em d\u00e9bito at\u00e9 o dia 31\/12\/2017)<\/h2>\n<p style=\"text-align: justify;\">N\u00e3o percam a oportunidade de voltar para o seu sindicato.<\/p>\n<p style=\"text-align: justify;\">A CAMPANHA DE ANISTIA GERAL \u00e9 por tempo determinado.<\/p>\n<p style=\"text-align: justify;\">At\u00e9 o dia 01\/06\/2018 o associado dever\u00e1 efetuar o pagamento integral de 6 (seis) mensalidades integrais , a partir do dia 02\/06\/2018 o associado poder\u00e1 pagar somente o valor total de 12 mensalidades integrais.<\/p>\n<p style=\"text-align: justify;\">\u00a0<\/p>\n<p style=\"text-align: justify;\">\u00a0<\/p>\n<h1 style=\"text-align: justify;\">1\u00ba passo:<\/h1>\n<p style=\"text-align: justify;\">\u00a0<\/p>\n<p style=\"text-align: justify;\">Preencher a ficha de sindicaliza\u00e7\u00e3o para a atualiza\u00e7\u00e3o dos dados. (Fazer download no final desta p\u00e1gina)<\/p>\n<p style=\"text-align: justify;\">\u00a0<\/p>\n<p style=\"text-align: justify;\">\u00a0<\/p>\n<h1 style=\"text-align: justify;\">2\u00ba passo:<\/h1>\n<p style=\"text-align: justify;\">\u00a0<\/p>\n<p style=\"text-align: justify;\">Aguardar e-mail do setor de sindicaliza\u00e7\u00e3o para verificar a necessidade de mais algum documento e repassar as informa\u00e7\u00f5es de pagamento conforme quadro abaixo.<\/p>\n<p style=\"text-align: center;\"><img fetchpriority=\"high\" decoding=\"async\" class=\" size-full wp-image-696\" src=\"http:\/\/www.satedsp.org.br\/wp-content\/uploads\/2010\/10\/precos.jpg\" border=\"0\" width=\"650\" height=\"234\" \/><\/p>\n<p style=\"font-size: 12.16px;\">\u00a0<\/p>\n<p style=\"font-size: 12.16px;\">\u00a0<\/p>\n<p>Nos casos de d\u00favidas, ligar nos telefones  (11) 3335-6131\/32\/33 ou no e-mail sindicalizacao@satedsp.org.br<\/p>\n<p style=\"font-size: 12.16px;\">\u00a0<\/p>\n<p style=\"font-size: 12.16px;\">\u00a0<\/p>\n<h2 style=\"font-size: 12.16px;\">FICHA DE SINDICALIZA\u00c7\u00c3O<\/h2>\n<p style=\"font-size: 12.16px;\">{edocs}Formulario_ANISTIADO_2018.pdf,640,700,link{\/edocs}<\/p>\n<p style=\"text-align: left;\">{backbutton}<\/p>\n","protected":false},"excerpt":{"rendered":"<p>(Para s\u00f3cios em d\u00e9bito at\u00e9 o dia 31\/12\/2017) N\u00e3o percam a oportunidade de voltar para o seu sindicato. A CAMPANHA DE ANISTIA GERAL \u00e9 por tempo determinado. At\u00e9 o dia 01\/06\/2018 o associado dever\u00e1 efetuar o pagamento integral de 6 (seis) mensalidades integrais , a partir do dia 02\/06\/2018 o associado poder\u00e1 pagar somente o&hellip;<\/p>\n","protected":false},"author":1,"featured_media":16957,"comment_status":"open","ping_status":"open","sticky":false,"template":"","format":"standard","meta":{"cybocfi_hide_featured_image":"","footnotes":""},"categories":[8],"tags":[],"class_list":["post-1150","post","type-post","status-publish","format-standard","has-post-thumbnail","hentry","category-sem-categoria"],"_links":{"self":[{"href":"https:\/\/satedsp.org.br\/index.php\/wp-json\/wp\/v2\/posts\/1150","targetHints":{"allow":["GET"]}}],"collection":[{"href":"https:\/\/satedsp.org.br\/index.php\/wp-json\/wp\/v2\/posts"}],"about":[{"href":"https:\/\/satedsp.org.br\/index.php\/wp-json\/wp\/v2\/types\/post"}],"author":[{"embeddable":true,"href":"https:\/\/satedsp.org.br\/index.php\/wp-json\/wp\/v2\/users\/1"}],"replies":[{"embeddable":true,"href":"https:\/\/satedsp.org.br\/index.php\/wp-json\/wp\/v2\/comments?post=1150"}],"version-history":[{"count":0,"href":"https:\/\/satedsp.org.br\/index.php\/wp-json\/wp\/v2\/posts\/1150\/revisions"}],"wp:featuredmedia":[{"embeddable":true,"href":"https:\/\/satedsp.org.br\/index.php\/wp-json\/wp\/v2\/media\/16957"}],"wp:attachment":[{"href":"https:\/\/satedsp.org.br\/index.php\/wp-json\/wp\/v2\/media?parent=1150"}],"wp:term":[{"taxonomy":"category","embeddable":true,"href":"https:\/\/satedsp.org.br\/index.php\/wp-json\/wp\/v2\/categories?post=1150"},{"taxonomy":"post_tag","embeddable":true,"href":"https:\/\/satedsp.org.br\/index.php\/wp-json\/wp\/v2\/tags?post=1150"}],"curies":[{"name":"wp","href":"https:\/\/api.w.org\/{rel}","templated":true}]}}