{"id":1243,"date":"2018-05-10T23:16:40","date_gmt":"2018-05-11T02:16:40","guid":{"rendered":"http:\/\/www.satedsp.org.br\/2018\/05\/10\/convocacao-para-a-palestra-de-legislacao-e-artista-mirim-6\/"},"modified":"2018-05-10T23:16:40","modified_gmt":"2018-05-11T02:16:40","slug":"convocacao-para-a-palestra-de-legislacao-e-artista-mirim-6","status":"publish","type":"post","link":"https:\/\/satedsp.org.br\/index.php\/2018\/05\/10\/convocacao-para-a-palestra-de-legislacao-e-artista-mirim-6\/","title":{"rendered":"Convoca\u00e7\u00e3o para a Palestra de legisla\u00e7\u00e3o e Artista Mirim"},"content":{"rendered":"<p>Data: 16 de maio de 2018 (Quarta &#8211; feira)<\/p>\n<p>Local: Sede SATED &#8211; SP<\/p>\n<p>Hor\u00e1rio de in\u00edcio: 12h30<\/p>\n<p>Hor\u00e1rio de T\u00e9rmino: 16h<\/p>\n<p>\u00a0<\/p>\n<p><strong><em> Diretoria<br \/>SATEDSP<\/em><\/strong><\/p>\n<p><strong><em><br \/><\/em><\/strong><\/p>\n","protected":false},"excerpt":{"rendered":"<p>Data: 16 de maio de 2018 (Quarta &#8211; feira) Local: Sede SATED &#8211; SP Hor\u00e1rio de in\u00edcio: 12h30 Hor\u00e1rio de T\u00e9rmino: 16h \u00a0 DiretoriaSATEDSP<\/p>\n","protected":false},"author":1,"featured_media":0,"comment_status":"open","ping_status":"open","sticky":false,"template":"","format":"standard","meta":{"cybocfi_hide_featured_image":"","footnotes":""},"categories":[8],"tags":[],"class_list":["post-1243","post","type-post","status-publish","format-standard","hentry","category-sem-categoria"],"_links":{"self":[{"href":"https:\/\/satedsp.org.br\/index.php\/wp-json\/wp\/v2\/posts\/1243","targetHints":{"allow":["GET"]}}],"collection":[{"href":"https:\/\/satedsp.org.br\/index.php\/wp-json\/wp\/v2\/posts"}],"about":[{"href":"https:\/\/satedsp.org.br\/index.php\/wp-json\/wp\/v2\/types\/post"}],"author":[{"embeddable":true,"href":"https:\/\/satedsp.org.br\/index.php\/wp-json\/wp\/v2\/users\/1"}],"replies":[{"embeddable":true,"href":"https:\/\/satedsp.org.br\/index.php\/wp-json\/wp\/v2\/comments?post=1243"}],"version-history":[{"count":0,"href":"https:\/\/satedsp.org.br\/index.php\/wp-json\/wp\/v2\/posts\/1243\/revisions"}],"wp:attachment":[{"href":"https:\/\/satedsp.org.br\/index.php\/wp-json\/wp\/v2\/media?parent=1243"}],"wp:term":[{"taxonomy":"category","embeddable":true,"href":"https:\/\/satedsp.org.br\/index.php\/wp-json\/wp\/v2\/categories?post=1243"},{"taxonomy":"post_tag","embeddable":true,"href":"https:\/\/satedsp.org.br\/index.php\/wp-json\/wp\/v2\/tags?post=1243"}],"curies":[{"name":"wp","href":"https:\/\/api.w.org\/{rel}","templated":true}]}}