{"id":13135,"date":"2021-03-05T08:54:13","date_gmt":"2021-03-05T11:54:13","guid":{"rendered":"https:\/\/www.satedsp.org.br\/?p=13135"},"modified":"2021-03-05T08:54:13","modified_gmt":"2021-03-05T11:54:13","slug":"nota-do-sated-sp-sindicado-dos-artistas-e-tecnicos-em-espetaculos-de-diversoes-do-estado-de-sao-paulo-sobre-o-recrudescimento-da-pandemia-de-covid-19","status":"publish","type":"post","link":"https:\/\/satedsp.org.br\/index.php\/2021\/03\/05\/nota-do-sated-sp-sindicado-dos-artistas-e-tecnicos-em-espetaculos-de-diversoes-do-estado-de-sao-paulo-sobre-o-recrudescimento-da-pandemia-de-covid-19\/","title":{"rendered":"Nota do SATED-SP (Sindicado dos Artistas e T\u00e9cnicos em Espet\u00e1culos de Divers\u00f5es do Estado de S\u00e3o Paulo): Sobre o recrudescimento da pandemia de COVID 19"},"content":{"rendered":"<p>QUEREMOS TRABALHAR!<\/p>\n<p>Sempre quisemos trabalhar, mas gritar essa<br \/>\nm\u00e1xima palavra de ordem em contraposi\u00e7\u00e3o a necessidade do distanciamento social e<br \/>\n\u00e0 complexa realidade da pandemia no Brasil hoje, com as crescentes taxas de infec\u00e7\u00f5es<br \/>\ne recordes de mortes seria no m\u00ednimo um contrassenso que denota alguma falta de<br \/>\nempatia e solidariedade com a fam\u00edlias que tiveram perdas de seus entes queridos e as<br \/>\ntantas pessoas que disputam um leito de UTI.<br \/>\nChegamos a essa situa\u00e7\u00e3o principalmente pela irresponsabilidade de quem<br \/>\ndeveria dar o exemplo, mas escondeu-se por detr\u00e1s de um NEGACIONISMO apoiado<br \/>\nem falsos postulados e mentiras deslavadas para negar a dura realidade que toma<br \/>\nconta do Brasil. Chegamos a essa situa\u00e7\u00e3o pela incompet\u00eancia de quem deveria<br \/>\norganizar o combate contra a doen\u00e7a, mas escondeu-se na pequenez de quem n\u00e3o<br \/>\ntem a estatura de um homem de Estado. Ent\u00e3o \u00e9 preciso dar nome aos bois e ao gado,<br \/>\ne dizer que o PRESIDENTE BOLSONARO a todo momento agiu e tem agido<br \/>\ndiligentemente contra seu pr\u00f3prio povo, tal qual um HEROI DE TRAG\u00c9DIA.<br \/>\nO SETOR ART\u00cdSTICO, CULTURAL E ENTRETENIMENTO tem pago um alto<br \/>\npre\u00e7o durante a pandemia, penalizando sobretudo os trabalhadores e trabalhadoras.<br \/>\nNesse cen\u00e1rio, desde o in\u00edcio da pandemia, o SATED-SP sempre buscou todas as<br \/>\nformas e meios para socorrer os profissionais do setor, batendo em todas as portas, e<br \/>\nmesmo nas in\u00fameras que se fecharam. Sempre orientamos pelo distanciamento social<br \/>\ne cumprimento dos protocolos e medidas sanit\u00e1rias, em contraposi\u00e7\u00e3o a todo<br \/>\nobscurantismo propalado pelas fake news e o pr\u00f3prio Governo Federal, e entre a<br \/>\neconomia e a vida, decidimos ficar com a vida. FIQUE COM A VIDA!<br \/>\nNesse momento de retomada da fase vermelha no Estado de S\u00e3o Paulo,<br \/>\nmais uma vez ficaremos em casa, mesmo sabendo que mais uma vez se evidenciar\u00e1 as<br \/>\nenormes desigualdades entre os territ\u00f3rios e as classes sociais, como j\u00e1 vimos<br \/>\nanteriormente, como \u00e9 a realidade do Brasil e que s\u00e3o as mesmas desigualdades<br \/>\ncontra as quais temos lutado uma vida inteira. Enfim, FIQUE EM CASA, se puder.<br \/>\nNo entanto,<br \/>\nPrecisamos que o Governo do Estado de S\u00e3o Paulo, na pessoa do<br \/>\nGovernador Jo\u00e3o D\u00f3ria, assuma a responsabilidade com POLITICAS COMPENSAT\u00d3RIAS<br \/>\nque garantam recursos para sobreviv\u00eancia dos TRABALHADORES E TRABALHADORAS<br \/>\nque tem suas atividades paralisadas e n\u00e3o tem nada mais para vender do que sua<br \/>\npr\u00f3pria for\u00e7a de trabalho.<br \/>\nPrecisamos que empresas internacionais de produ\u00e7\u00e3o e difus\u00e3o de<br \/>\nconte\u00fado audiovisual tais como a NETFLIX E AMAZON que faturam milh\u00f5es de d\u00f3lares<br \/>\ndurante a pandemia, assumam sua responsabilidade social com os trabalhadores e trabalhadoras artistas e t\u00e9cnicos nesse momento.<\/p>\n<p>Estamos no centro da hist\u00f3ria. A irresponsabilidade e a incompet\u00eancia<br \/>\nal\u00e7aram o Brasil na condi\u00e7\u00e3o potencial de produzir NOVAS CEPAS DO V\u00cdRUS, colocando<br \/>\nainda mais em risco o nosso povo e a popula\u00e7\u00e3o mundial. Com efeito, o SATED-SP<br \/>\ndefende o aumento das restri\u00e7\u00f5es assinaladas pela FASE VERMELHA no Estado de S\u00e3o<br \/>\nPaulo, e conclamamos, todos os ARTISTAS E T\u00c9CNICOS para mais esse sacrif\u00edcio<br \/>\nverdadeiramente patri\u00f3tico, ao passo que, em nenhum momento deixaremos de<br \/>\ncobrar do Governo do Estado e das empresas internacionais de audiovisual uma<br \/>\ncompensa\u00e7\u00e3o que garanta a sobreviv\u00eancia dos profissionais do setor.<\/p>\n<p>Vamos em frente!<\/p>\n","protected":false},"excerpt":{"rendered":"<p>QUEREMOS TRABALHAR! Sempre quisemos trabalhar, mas gritar essa m\u00e1xima palavra de ordem em contraposi\u00e7\u00e3o a necessidade do distanciamento social e \u00e0 complexa realidade da pandemia no Brasil hoje, com as crescentes taxas de infec\u00e7\u00f5es e recordes de mortes seria no m\u00ednimo um contrassenso que denota alguma falta de empatia e solidariedade com a fam\u00edlias que&hellip;<\/p>\n","protected":false},"author":1,"featured_media":10187,"comment_status":"open","ping_status":"closed","sticky":false,"template":"","format":"standard","meta":{"cybocfi_hide_featured_image":"","footnotes":""},"categories":[13,11,8],"tags":[],"class_list":["post-13135","post","type-post","status-publish","format-standard","has-post-thumbnail","hentry","category-informes","category-satedsp","category-sem-categoria"],"_links":{"self":[{"href":"https:\/\/satedsp.org.br\/index.php\/wp-json\/wp\/v2\/posts\/13135","targetHints":{"allow":["GET"]}}],"collection":[{"href":"https:\/\/satedsp.org.br\/index.php\/wp-json\/wp\/v2\/posts"}],"about":[{"href":"https:\/\/satedsp.org.br\/index.php\/wp-json\/wp\/v2\/types\/post"}],"author":[{"embeddable":true,"href":"https:\/\/satedsp.org.br\/index.php\/wp-json\/wp\/v2\/users\/1"}],"replies":[{"embeddable":true,"href":"https:\/\/satedsp.org.br\/index.php\/wp-json\/wp\/v2\/comments?post=13135"}],"version-history":[{"count":0,"href":"https:\/\/satedsp.org.br\/index.php\/wp-json\/wp\/v2\/posts\/13135\/revisions"}],"wp:featuredmedia":[{"embeddable":true,"href":"https:\/\/satedsp.org.br\/index.php\/wp-json\/wp\/v2\/media\/10187"}],"wp:attachment":[{"href":"https:\/\/satedsp.org.br\/index.php\/wp-json\/wp\/v2\/media?parent=13135"}],"wp:term":[{"taxonomy":"category","embeddable":true,"href":"https:\/\/satedsp.org.br\/index.php\/wp-json\/wp\/v2\/categories?post=13135"},{"taxonomy":"post_tag","embeddable":true,"href":"https:\/\/satedsp.org.br\/index.php\/wp-json\/wp\/v2\/tags?post=13135"}],"curies":[{"name":"wp","href":"https:\/\/api.w.org\/{rel}","templated":true}]}}