{"id":13813,"date":"2021-06-10T19:56:58","date_gmt":"2021-06-10T22:56:58","guid":{"rendered":"https:\/\/www.satedsp.org.br\/?p=13813"},"modified":"2021-06-10T19:56:58","modified_gmt":"2021-06-10T22:56:58","slug":"informes-10-06-2021","status":"publish","type":"post","link":"https:\/\/satedsp.org.br\/index.php\/2021\/06\/10\/informes-10-06-2021\/","title":{"rendered":"Informes 10\/06\/2021"},"content":{"rendered":"<p>INFORME 1<\/p>\n<p>Hoje, 10\/06\/2021 tivemos reuni\u00e3o com a Secretaria Municipal da Educa\u00e7\u00e3o de S\u00e3o Paulo insistindo na pauta da vacina\u00e7\u00e3o dos Arte- educadores, artistas orientadores, Professores de teatro, oficineiros de artes e t\u00e9cnicos dos CEUs. Tamb\u00e9m entrou na pauta a contrata\u00e7\u00e3o dos T\u00e9cnicos dos CEUs que est\u00e3o sem contrato desde 2019 e hoje se reuniram na porta da SME. Segundo os respons\u00e1veis, a ordem para vacina\u00e7\u00e3o tem que vir do Governo do Estado de S\u00e3o Paulo e apalavraram de acertar isso com o Estado. Quanto a contrata\u00e7\u00e3o dos t\u00e9cnicos dos CEUs, faremos uma nova reuni\u00e3o com o Assessor parlamentar da SME Sr. Marcio Saraiva para discutirmos os encaminhamentos. Tudo seguiu-se como uma grande SABONETADA como costume da SME, mas continuaremos insistindo numa reuni\u00e3o com o pr\u00f3prio Secretario Fernando PADULA.<\/p>\n<p>INFORME 2<\/p>\n<p>Ontem, 09\/06\/2021 na C\u00e2mara Municipal de SANTO ANDR\u00c9 foi lida a notifica\u00e7\u00e3o do SATED-SP exigindo equidade a isonomia no processo de vacina\u00e7\u00e3o dos educadores da cidade, incluindo Coordenadores, Arte-educadores, artistas orientadores e demais integrantes da comunidade escolar das ESCOLAS LIVRES DE ARTES. Notificamos tamb\u00e9m a Secretaria da Educa\u00e7\u00e3o de SANTO ANDR\u00c9 de quem aguardamos resposta para essa sexta-feira, dia 11\/06\/2021.<\/p>\n<p>Vamos em frente!<\/p>\n","protected":false},"excerpt":{"rendered":"<p>INFORME 1 Hoje, 10\/06\/2021 tivemos reuni\u00e3o com a Secretaria Municipal da Educa\u00e7\u00e3o de S\u00e3o Paulo insistindo na pauta da vacina\u00e7\u00e3o dos Arte- educadores, artistas orientadores, Professores de teatro, oficineiros de artes e t\u00e9cnicos dos CEUs. Tamb\u00e9m entrou na pauta a contrata\u00e7\u00e3o dos T\u00e9cnicos dos CEUs que est\u00e3o sem contrato desde 2019 e hoje se reuniram&hellip;<\/p>\n","protected":false},"author":1,"featured_media":4107,"comment_status":"closed","ping_status":"closed","sticky":false,"template":"","format":"standard","meta":{"cybocfi_hide_featured_image":"","footnotes":""},"categories":[13,11],"tags":[],"class_list":["post-13813","post","type-post","status-publish","format-standard","has-post-thumbnail","hentry","category-informes","category-satedsp"],"_links":{"self":[{"href":"https:\/\/satedsp.org.br\/index.php\/wp-json\/wp\/v2\/posts\/13813","targetHints":{"allow":["GET"]}}],"collection":[{"href":"https:\/\/satedsp.org.br\/index.php\/wp-json\/wp\/v2\/posts"}],"about":[{"href":"https:\/\/satedsp.org.br\/index.php\/wp-json\/wp\/v2\/types\/post"}],"author":[{"embeddable":true,"href":"https:\/\/satedsp.org.br\/index.php\/wp-json\/wp\/v2\/users\/1"}],"replies":[{"embeddable":true,"href":"https:\/\/satedsp.org.br\/index.php\/wp-json\/wp\/v2\/comments?post=13813"}],"version-history":[{"count":0,"href":"https:\/\/satedsp.org.br\/index.php\/wp-json\/wp\/v2\/posts\/13813\/revisions"}],"wp:featuredmedia":[{"embeddable":true,"href":"https:\/\/satedsp.org.br\/index.php\/wp-json\/wp\/v2\/media\/4107"}],"wp:attachment":[{"href":"https:\/\/satedsp.org.br\/index.php\/wp-json\/wp\/v2\/media?parent=13813"}],"wp:term":[{"taxonomy":"category","embeddable":true,"href":"https:\/\/satedsp.org.br\/index.php\/wp-json\/wp\/v2\/categories?post=13813"},{"taxonomy":"post_tag","embeddable":true,"href":"https:\/\/satedsp.org.br\/index.php\/wp-json\/wp\/v2\/tags?post=13813"}],"curies":[{"name":"wp","href":"https:\/\/api.w.org\/{rel}","templated":true}]}}