{"id":15258,"date":"2021-10-15T15:12:13","date_gmt":"2021-10-15T18:12:13","guid":{"rendered":"https:\/\/www.satedsp.org.br\/?p=15258"},"modified":"2021-10-15T15:12:13","modified_gmt":"2021-10-15T18:12:13","slug":"eleicao-sated-sp-registro-das-chapas","status":"publish","type":"post","link":"https:\/\/satedsp.org.br\/index.php\/2021\/10\/15\/eleicao-sated-sp-registro-das-chapas\/","title":{"rendered":"Elei\u00e7\u00e3o SATED &#8211; SP: Registro das Chapas"},"content":{"rendered":"<p><b>SINDICATO DOS ARTISTAS E T\u00c9CNICOS EM ESPET\u00c1CULOS DE DIVERS\u00d5ES NO ESTADO DE S\u00c3O PAULO<\/b><\/p>\n<p><b>COMUNICADO<\/b><\/p>\n<p><span style=\"font-weight: 400;\">A quem possa interessar, registramos que a COMISS\u00c3O ELEITORAL reunida de em 14\/10\/2021 \u00e0s 15h na sede social do SATED-SP Av. S\u00e3o Jo\u00e3o 1086 4\u00ba andar Conj 401 e 402, com ATA dispon\u00edvel a qualquer interessado afixada no mural da Sede social e publicado no site satedsp.or.br, ap\u00f3s verifica\u00e7\u00e3o dos documentos de registro das chapas que disputar\u00e3o a elei\u00e7\u00e3o para compor a Diretoria do SATED-SP no quadri\u00eanio 2022 a 2025 em elei\u00e7\u00e3o que se realizar\u00e1 em\u00a0 <\/span><b>1\u00ba turno (16 e 17\/11) e\u00a0 nos dias 06 e 07 de dezembro em 2\u00ba turno e 27 e 28 de dezembro de 2021 em 3\u00ba turno, <\/b><span style=\"font-weight: 400;\">faz publicar: as 3 (tr\u00eas) chapas concorrentes com suas respectivas numera\u00e7\u00f5es, outrossim, vem retificar e suprimir o item \u201ccadastramento de eleitores\u201d da publica\u00e7\u00e3o da convocat\u00f3ria das elei\u00e7\u00e3o de 03 de setembro de 2021, informando que segundo decidido pela COMISS\u00c3O ELEITORAL, procurando proporcionar uma melhor acesso dos eleitores, a elei\u00e7\u00e3o ocorrer\u00e1 de duas formas: presencial na sede social da entidade e em plataforma digital pelos servi\u00e7os da empresa Pandora Inform\u00e1tica Ltda.<\/span><\/p>\n<p><span style=\"font-weight: 400;\">Segue abaixo a composi\u00e7\u00e3o das tr\u00eas chapas concorrentes:<\/span><\/p>\n<p><b>CHAPA 01 \u2013 Avan\u00e7a SATED<\/b><\/p>\n<p><b>Efetivos<\/b><\/p>\n<table>\n<tbody>\n<tr>\n<td><span style=\"font-weight: 400;\">01 Dorberto Rocha Carvalho 16.279<\/span><\/td>\n<\/tr>\n<tr>\n<td><span style=\"font-weight: 400;\">02 Rita de Cassia Teles 21.265<\/span><\/td>\n<\/tr>\n<tr>\n<td><span style=\"font-weight: 400;\">03 Gabrielle de Abreu Ara\u00fajo 20.099<\/span><\/td>\n<\/tr>\n<tr>\n<td><span style=\"font-weight: 400;\">04 Jandilson Vieira da Silva do Espirito Santo\u00a0 17.220<\/span><\/td>\n<\/tr>\n<tr>\n<td><span style=\"font-weight: 400;\">05 Luis Donizete Sandei de Melo 8.918<\/span><\/td>\n<\/tr>\n<tr>\n<td><span style=\"font-weight: 400;\">05 Danilo do Prado Iwakura 17.008<\/span><\/td>\n<\/tr>\n<tr>\n<td><span style=\"font-weight: 400;\">07 Tatiane Ferreira Damasceno 21.334<\/span><\/td>\n<\/tr>\n<tr>\n<td><span style=\"font-weight: 400;\">08 Jos\u00e9 Sim\u00f5es de Almeida Junior 17.806<\/span><\/td>\n<\/tr>\n<tr>\n<td><span style=\"font-weight: 400;\">09 Caio Jos\u00e9 Martinez Pacheco 21.274<\/span><\/td>\n<\/tr>\n<tr>\n<td><span style=\"font-weight: 400;\">10 Cintia Pelli 17.090<\/span><\/td>\n<\/tr>\n<tr>\n<td><span style=\"font-weight: 400;\">11 Poliana Helena Alves Vieira 17.332<\/span><\/td>\n<\/tr>\n<tr>\n<td><span style=\"font-weight: 400;\">12 Marcio Sebasti\u00e3o Jacovani 4285<\/span><\/td>\n<\/tr>\n<tr>\n<td><span style=\"font-weight: 400;\">13 Angela Silva Couto 17.231<\/span><\/td>\n<\/tr>\n<tr>\n<td><span style=\"font-weight: 400;\">14 Valquiria Moreira Sab\u00f3ia 17.169<\/span><\/td>\n<\/tr>\n<tr>\n<td><span style=\"font-weight: 400;\">15 Karen Glauce Ramalho da Silva 17.349<\/span><\/td>\n<\/tr>\n<tr>\n<td><span style=\"font-weight: 400;\">16 Gabriela Aguiar Morato 21.488<\/span><\/td>\n<\/tr>\n<tr>\n<td><span style=\"font-weight: 400;\">17 Marcelo de Oliveira Neves 17.838<\/span><\/td>\n<\/tr>\n<\/tbody>\n<\/table>\n<p><b>Suplentes<\/b><\/p>\n<table>\n<tbody>\n<tr>\n<td><span style=\"font-weight: 400;\">01 Tatiana Batista Godoi 16.355<\/span><\/td>\n<\/tr>\n<tr>\n<td><span style=\"font-weight: 400;\">02 Rondinely Silva Lima 20.050\u00a0<\/span><\/td>\n<\/tr>\n<tr>\n<td><span style=\"font-weight: 400;\">03 Raul C\u00f3rdula Teixeira 17.440\u00a0<\/span><\/td>\n<\/tr>\n<tr>\n<td><span style=\"font-weight: 400;\">04 Giovanna Kelly Matias Gon\u00e7alves 20.040<\/span><\/td>\n<\/tr>\n<tr>\n<td><span style=\"font-weight: 400;\">05 Wilson Roberto Vasconcelos Ferreira 21.476<\/span><\/td>\n<\/tr>\n<tr>\n<td><span style=\"font-weight: 400;\">06 Joaquim Carlos Sanches Cardoso 17.494<\/span><\/td>\n<\/tr>\n<tr>\n<td><span style=\"font-weight: 400;\">07 Roseli Augusta de Almeida 21.220<\/span><\/td>\n<\/tr>\n<tr>\n<td><span style=\"font-weight: 400;\">08 Paula Sabbatini 10.363<\/span><\/td>\n<\/tr>\n<tr>\n<td><span style=\"font-weight: 400;\">09 Celso Miotto Curi 545<\/span><\/td>\n<\/tr>\n<tr>\n<td><span style=\"font-weight: 400;\">10 Simone Carleto 21.266<\/span><\/td>\n<\/tr>\n<tr>\n<td><span style=\"font-weight: 400;\">11 Alessandra da Silva Cavagna 14.633<\/span><\/td>\n<\/tr>\n<tr>\n<td><span style=\"font-weight: 400;\">12 Maria Ang\u00e9lica Santos Cruz 13.729<\/span><\/td>\n<\/tr>\n<tr>\n<td><span style=\"font-weight: 400;\">13 Fabio Pinheiro Freme Lopes 13.213<\/span><\/td>\n<\/tr>\n<\/tbody>\n<\/table>\n<p>&nbsp;<\/p>\n<p><b>CHAPA 02 \u2013 Chapa Quente<\/b><\/p>\n<table>\n<tbody>\n<tr>\n<td><span style=\"font-weight: 400;\">01 Francisco Carlos Cabreira Lopes 6427<\/span><\/td>\n<\/tr>\n<tr>\n<td><span style=\"font-weight: 400;\">02 Gilda Vandenbrande 820<\/span><\/td>\n<\/tr>\n<tr>\n<td><span style=\"font-weight: 400;\">03 Annete Moreira Milesi 21418<\/span><\/td>\n<\/tr>\n<tr>\n<td><span style=\"font-weight: 400;\">04 Maria das Neves de Lima 3576<\/span><\/td>\n<\/tr>\n<tr>\n<td><span style=\"font-weight: 400;\">05 Alexandre Luciano de Miranda 10108<\/span><\/td>\n<\/tr>\n<tr>\n<td><span style=\"font-weight: 400;\">06 Ronaldo Ciambroni 21426<\/span><\/td>\n<\/tr>\n<tr>\n<td><span style=\"font-weight: 400;\">07 Ariovaldo dos Santos 11042<\/span><\/td>\n<\/tr>\n<tr>\n<td><span style=\"font-weight: 400;\">08 Marcela Ximena Araya Tapia 21403<\/span><\/td>\n<\/tr>\n<tr>\n<td><span style=\"font-weight: 400;\">09 Luciene Sposito da Cunha 16382<\/span><\/td>\n<\/tr>\n<tr>\n<td><span style=\"font-weight: 400;\">10 Nilceu Aparecido Bernardo 10.888<\/span><\/td>\n<\/tr>\n<tr>\n<td><span style=\"font-weight: 400;\">11 Rafaela Renata Soares de Campos 213744<\/span><\/td>\n<\/tr>\n<tr>\n<td><span style=\"font-weight: 400;\">12 Alexandre Cruz 21492<\/span><\/td>\n<\/tr>\n<tr>\n<td><span style=\"font-weight: 400;\">13 Sergio Luiz de Campos 4077<\/span><\/td>\n<\/tr>\n<tr>\n<td><span style=\"font-weight: 400;\">14 Jo\u00e3o Carlos Mattos Soares Filho\u00a0 21367<\/span><\/td>\n<\/tr>\n<tr>\n<td><span style=\"font-weight: 400;\">15 Servulo Augusto Vieira Gon\u00e7alves 241032<\/span><\/td>\n<\/tr>\n<tr>\n<td><span style=\"font-weight: 400;\">16 Sueli Tadeu Gon\u00e7alves 12286<\/span><\/td>\n<\/tr>\n<tr>\n<td><span style=\"font-weight: 400;\">17 Amilton Ferreira 21383<\/span><\/td>\n<\/tr>\n<\/tbody>\n<\/table>\n<p>&nbsp;<\/p>\n<p><b>Suplentes<\/b><\/p>\n<table>\n<tbody>\n<tr>\n<td><span style=\"font-weight: 400;\">01 Paulo Augusto Soares de Barros Rodrigues 12778<\/span><\/td>\n<\/tr>\n<tr>\n<td><span style=\"font-weight: 400;\">02 Wendel Ferreira Pinheiro Catellani 214074<\/span><\/td>\n<\/tr>\n<tr>\n<td><span style=\"font-weight: 400;\">03 Giovani Rodrigues 13756<\/span><\/td>\n<\/tr>\n<tr>\n<td><span style=\"font-weight: 400;\">04 Maximiliana dos Reis Silva 21349<\/span><\/td>\n<\/tr>\n<tr>\n<td><span style=\"font-weight: 400;\">05 Radja Alves Lins Caldeira 214156<\/span><\/td>\n<\/tr>\n<tr>\n<td><span style=\"font-weight: 400;\">06 Carolina Pesciotto de Carvalho 214173<\/span><\/td>\n<\/tr>\n<tr>\n<td><span style=\"font-weight: 400;\">07 Caique Turuel de Paula 214.069<\/span><\/td>\n<\/tr>\n<tr>\n<td><span style=\"font-weight: 400;\">08 Leonardi Stefanini 214094<\/span><\/td>\n<\/tr>\n<tr>\n<td><span style=\"font-weight: 400;\">09 Luiz Renato Papa Campos 16703<\/span><\/td>\n<\/tr>\n<tr>\n<td><span style=\"font-weight: 400;\">10 Michelle Rodrigues Gabriel 214066<\/span><\/td>\n<\/tr>\n<tr>\n<td><span style=\"font-weight: 400;\">11 Rachel Silveira Ripani 21391<\/span><\/td>\n<\/tr>\n<tr>\n<td><span style=\"font-weight: 400;\">12 Miguel Angelo da Silva Bretas 11885<\/span><\/td>\n<\/tr>\n<\/tbody>\n<\/table>\n<p>&nbsp;<\/p>\n<p><b>CHAPA 03 &#8211; Renova\u00e7\u00e3o e inova\u00e7\u00e3o<\/b><\/p>\n<p><b>Efetivos<\/b><\/p>\n<table>\n<tbody>\n<tr>\n<td><span style=\"font-weight: 400;\">01 Ana Claudia Maranh\u00e3o de Britto Vidal 214078<\/span><\/td>\n<\/tr>\n<tr>\n<td><span style=\"font-weight: 400;\">02 Carlos Armando de Oliveira Machado 3974<\/span><\/td>\n<\/tr>\n<tr>\n<td><span style=\"font-weight: 400;\">03 Dalilea Silva 2637<\/span><\/td>\n<\/tr>\n<tr>\n<td><span style=\"font-weight: 400;\">04 Ducastam Martins Neto 16986<\/span><\/td>\n<\/tr>\n<tr>\n<td><span style=\"font-weight: 400;\">05 Geraldo Donizete Franco 21312<\/span><\/td>\n<\/tr>\n<tr>\n<td><span style=\"font-weight: 400;\">06 Iremar Melo de Oliveira 8758<\/span><\/td>\n<\/tr>\n<tr>\n<td><span style=\"font-weight: 400;\">07 Jose Paulo da Rosa 21320<\/span><\/td>\n<\/tr>\n<tr>\n<td><span style=\"font-weight: 400;\">08 Jose Carlos de Oliveira 214086<\/span><\/td>\n<\/tr>\n<tr>\n<td><span style=\"font-weight: 400;\">09 Jo\u00e3o Vieira 214.229<\/span><\/td>\n<\/tr>\n<tr>\n<td><span style=\"font-weight: 400;\">10 Maria Elizabeth Vieira Moraes 214102<\/span><\/td>\n<\/tr>\n<tr>\n<td><span style=\"font-weight: 400;\">11 Marcos de Oliveira Casuo 214087<\/span><\/td>\n<\/tr>\n<tr>\n<td><span style=\"font-weight: 400;\">12 Mauro Pucca Martins 214224<\/span><\/td>\n<\/tr>\n<tr>\n<td><span style=\"font-weight: 400;\">13 Maritta Cury Haddad 214103<\/span><\/td>\n<\/tr>\n<tr>\n<td><span style=\"font-weight: 400;\">14 Mois\u00e9s Ar\u00e3o Kupermann 1196<\/span><\/td>\n<\/tr>\n<tr>\n<td><span style=\"font-weight: 400;\">15 Renato Scarpin Junior 214106<\/span><\/td>\n<\/tr>\n<tr>\n<td><span style=\"font-weight: 400;\">16 Rog\u00e9rio Fabiano Pereira de Souza Junior 214208<\/span><\/td>\n<\/tr>\n<tr>\n<td><span style=\"font-weight: 400;\">17 Vanessa de Michelli 214084<\/span><\/td>\n<\/tr>\n<\/tbody>\n<\/table>\n<p><b>Suplentes<\/b><\/p>\n<table>\n<tbody>\n<tr>\n<td><span style=\"font-weight: 400;\">01 Adriano Gon\u00e7alves Arbol 214077<\/span><\/td>\n<\/tr>\n<tr>\n<td><span style=\"font-weight: 400;\">02 Arnaldo Ajani 214198<\/span><\/td>\n<\/tr>\n<tr>\n<td><span style=\"font-weight: 400;\">03 Amarilson Benedito Lopes da Silva 214194<\/span><\/td>\n<\/tr>\n<tr>\n<td><span style=\"font-weight: 400;\">04 Alex Aureliano Nogueira 11952<\/span><\/td>\n<\/tr>\n<tr>\n<td><span style=\"font-weight: 400;\">05 Andresa Correa Gavioli 214205<\/span><\/td>\n<\/tr>\n<tr>\n<td><span style=\"font-weight: 400;\">06 Flavio dos Santos Ramos de Oliveira 214197<\/span><\/td>\n<\/tr>\n<tr>\n<td><span style=\"font-weight: 400;\">07 Jos\u00e9 Wellington Inoc\u00eancio Firmino 214233<\/span><\/td>\n<\/tr>\n<tr>\n<td><span style=\"font-weight: 400;\">08 Jose Alberto Santana Martins 214250<\/span><\/td>\n<\/tr>\n<tr>\n<td><span style=\"font-weight: 400;\">09 Janssen Maciel Ribeiro 214092<\/span><\/td>\n<\/tr>\n<tr>\n<td><span style=\"font-weight: 400;\">10 Lara Soares Costa Barata 214189<\/span><\/td>\n<\/tr>\n<tr>\n<td><span style=\"font-weight: 400;\">11 Lorran Carvalho Nunes 16662<\/span><\/td>\n<\/tr>\n<tr>\n<td><span style=\"font-weight: 400;\">12 Ricardo R\u00e9gis de Oliveira Neves 214193<\/span><\/td>\n<\/tr>\n<tr>\n<td><span style=\"font-weight: 400;\">13 Victor R\u00e9gis Walczak 21429<\/span><\/td>\n<\/tr>\n<\/tbody>\n<\/table>\n<p>&nbsp;<\/p>\n<p><span style=\"font-weight: 400;\">Comp\u00f5e a COMISS\u00c3O ELEITORAL: Cid Pimentel, Vicentini Gomes, Carlos Meceni, Grace Carreira, Leonardo Gutschow e Elis Alonso.<\/span><\/p>\n<p><b>S\u00e3o Paulo, 14 de setembro de 2021<\/b><span style=\"font-weight: 400;\">. <\/span><\/p>\n<p><span style=\"font-weight: 400;\">CID PIMENTEL \u2013 Presidente da COMISS\u00c3O ELEITORAL.<\/span><\/p>\n<p>Acesse o documento aqui:\u00a0<a href=\"https:\/\/satedsp.org.br\/novo\/wp-content\/uploads\/2021\/10\/Publicacao-de-registro-de-chapas-em-2021-publicacao-em-15-de-outubro-de-2021.docx.pdf\">Publica\u00e7\u00e3o de registro de chapas em 2021, publica\u00e7\u00e3o em 15 de outubro de 2021.docx<\/a><\/p>\n","protected":false},"excerpt":{"rendered":"<p>SINDICATO DOS ARTISTAS E T\u00c9CNICOS EM ESPET\u00c1CULOS DE DIVERS\u00d5ES NO ESTADO DE S\u00c3O PAULO COMUNICADO A quem possa interessar, registramos que a COMISS\u00c3O ELEITORAL reunida de em 14\/10\/2021 \u00e0s 15h na sede social do SATED-SP Av. S\u00e3o Jo\u00e3o 1086 4\u00ba andar Conj 401 e 402, com ATA dispon\u00edvel a qualquer interessado afixada no mural da&hellip;<\/p>\n","protected":false},"author":1,"featured_media":15006,"comment_status":"closed","ping_status":"closed","sticky":false,"template":"","format":"standard","meta":{"cybocfi_hide_featured_image":"","footnotes":""},"categories":[9,13,11,8],"tags":[],"class_list":["post-15258","post","type-post","status-publish","format-standard","has-post-thumbnail","hentry","category-convocacoes","category-informes","category-satedsp","category-sem-categoria"],"_links":{"self":[{"href":"https:\/\/satedsp.org.br\/index.php\/wp-json\/wp\/v2\/posts\/15258","targetHints":{"allow":["GET"]}}],"collection":[{"href":"https:\/\/satedsp.org.br\/index.php\/wp-json\/wp\/v2\/posts"}],"about":[{"href":"https:\/\/satedsp.org.br\/index.php\/wp-json\/wp\/v2\/types\/post"}],"author":[{"embeddable":true,"href":"https:\/\/satedsp.org.br\/index.php\/wp-json\/wp\/v2\/users\/1"}],"replies":[{"embeddable":true,"href":"https:\/\/satedsp.org.br\/index.php\/wp-json\/wp\/v2\/comments?post=15258"}],"version-history":[{"count":0,"href":"https:\/\/satedsp.org.br\/index.php\/wp-json\/wp\/v2\/posts\/15258\/revisions"}],"wp:featuredmedia":[{"embeddable":true,"href":"https:\/\/satedsp.org.br\/index.php\/wp-json\/wp\/v2\/media\/15006"}],"wp:attachment":[{"href":"https:\/\/satedsp.org.br\/index.php\/wp-json\/wp\/v2\/media?parent=15258"}],"wp:term":[{"taxonomy":"category","embeddable":true,"href":"https:\/\/satedsp.org.br\/index.php\/wp-json\/wp\/v2\/categories?post=15258"},{"taxonomy":"post_tag","embeddable":true,"href":"https:\/\/satedsp.org.br\/index.php\/wp-json\/wp\/v2\/tags?post=15258"}],"curies":[{"name":"wp","href":"https:\/\/api.w.org\/{rel}","templated":true}]}}