{"id":15611,"date":"2021-11-08T12:16:27","date_gmt":"2021-11-08T15:16:27","guid":{"rendered":"https:\/\/www.satedsp.org.br\/?p=15611"},"modified":"2021-11-08T12:16:27","modified_gmt":"2021-11-08T15:16:27","slug":"informe-sated-sp-anulacao-da-portaria-secult-mtur-no44-de-05-de-novembro-de-2021","status":"publish","type":"post","link":"https:\/\/satedsp.org.br\/index.php\/2021\/11\/08\/informe-sated-sp-anulacao-da-portaria-secult-mtur-no44-de-05-de-novembro-de-2021\/","title":{"rendered":"INFORME SATED-SP : ANULA\u00c7\u00c3O da portaria SECULT\/MTUR N\u00ba44 de 05 de novembro de 2021"},"content":{"rendered":"<p>O SATED-SP est\u00e1 entrando com representa\u00e7\u00e3o no Minist\u00e9rio P\u00fablico Federal pedindo a ANULA\u00c7\u00c3O da portaria SECULT\/MTUR N\u00ba44 de 05 de novembro de 2021 assinada pelo senhor Mario Frias, Secretaria Especial de Cultura, que imp\u00f5e pena de REPROVA\u00c7\u00c3O E MULTA aos Projetos culturais que exigirem o PASSAPORTE SANIT\u00c1RIO, e ainda, obriga os projetos que est\u00e3o sob legisla\u00e7\u00e3o Municipal e Estadual que exigem o passaporte a retrocederem \u00e0s apresenta\u00e7\u00f5es virtuais. Entendemos essa portaria como mais um ataque do Governo Bolsonaro ao setor Art\u00edstico e Cultural.<\/p>\n<p><img fetchpriority=\"high\" decoding=\"async\" class=\"alignnone size-full wp-image-15612\" src=\"https:\/\/satedsp.org.br\/novo\/wp-content\/uploads\/2021\/11\/IMG-20211108-WA0038.jpg\" alt=\"\" width=\"705\" height=\"554\" srcset=\"https:\/\/satedsp.org.br\/wp-content\/uploads\/2021\/11\/IMG-20211108-WA0038.jpg 705w, https:\/\/satedsp.org.br\/wp-content\/uploads\/2021\/11\/IMG-20211108-WA0038-300x236.jpg 300w, https:\/\/satedsp.org.br\/wp-content\/uploads\/2021\/11\/IMG-20211108-WA0038-370x291.jpg 370w, https:\/\/satedsp.org.br\/wp-content\/uploads\/2021\/11\/IMG-20211108-WA0038-642x504.jpg 642w\" sizes=\"(max-width: 705px) 100vw, 705px\" \/><\/p>\n","protected":false},"excerpt":{"rendered":"<p>O SATED-SP est\u00e1 entrando com representa\u00e7\u00e3o no Minist\u00e9rio P\u00fablico Federal pedindo a ANULA\u00c7\u00c3O da portaria SECULT\/MTUR N\u00ba44 de 05 de novembro de 2021 assinada pelo senhor Mario Frias, Secretaria Especial de Cultura, que imp\u00f5e pena de REPROVA\u00c7\u00c3O E MULTA aos Projetos culturais que exigirem o PASSAPORTE SANIT\u00c1RIO, e ainda, obriga os projetos que est\u00e3o sob&hellip;<\/p>\n","protected":false},"author":1,"featured_media":15612,"comment_status":"closed","ping_status":"closed","sticky":false,"template":"","format":"standard","meta":{"cybocfi_hide_featured_image":"","footnotes":""},"categories":[13,11],"tags":[],"class_list":["post-15611","post","type-post","status-publish","format-standard","has-post-thumbnail","hentry","category-informes","category-satedsp"],"_links":{"self":[{"href":"https:\/\/satedsp.org.br\/index.php\/wp-json\/wp\/v2\/posts\/15611","targetHints":{"allow":["GET"]}}],"collection":[{"href":"https:\/\/satedsp.org.br\/index.php\/wp-json\/wp\/v2\/posts"}],"about":[{"href":"https:\/\/satedsp.org.br\/index.php\/wp-json\/wp\/v2\/types\/post"}],"author":[{"embeddable":true,"href":"https:\/\/satedsp.org.br\/index.php\/wp-json\/wp\/v2\/users\/1"}],"replies":[{"embeddable":true,"href":"https:\/\/satedsp.org.br\/index.php\/wp-json\/wp\/v2\/comments?post=15611"}],"version-history":[{"count":0,"href":"https:\/\/satedsp.org.br\/index.php\/wp-json\/wp\/v2\/posts\/15611\/revisions"}],"wp:featuredmedia":[{"embeddable":true,"href":"https:\/\/satedsp.org.br\/index.php\/wp-json\/wp\/v2\/media\/15612"}],"wp:attachment":[{"href":"https:\/\/satedsp.org.br\/index.php\/wp-json\/wp\/v2\/media?parent=15611"}],"wp:term":[{"taxonomy":"category","embeddable":true,"href":"https:\/\/satedsp.org.br\/index.php\/wp-json\/wp\/v2\/categories?post=15611"},{"taxonomy":"post_tag","embeddable":true,"href":"https:\/\/satedsp.org.br\/index.php\/wp-json\/wp\/v2\/tags?post=15611"}],"curies":[{"name":"wp","href":"https:\/\/api.w.org\/{rel}","templated":true}]}}