{"id":15643,"date":"2021-11-10T15:14:44","date_gmt":"2021-11-10T18:14:44","guid":{"rendered":"https:\/\/www.satedsp.org.br\/?p=15643"},"modified":"2021-11-10T15:14:44","modified_gmt":"2021-11-10T18:14:44","slug":"ata-da-reuniao-pre-eleicao-sated-sp","status":"publish","type":"post","link":"https:\/\/satedsp.org.br\/index.php\/2021\/11\/10\/ata-da-reuniao-pre-eleicao-sated-sp\/","title":{"rendered":"Ata da reuni\u00e3o pr\u00e9-elei\u00e7\u00e3o SATED-SP"},"content":{"rendered":"<p>\u00c0s 10h30 do dia 10\/11\/20121, na sede do Sindicato dos Artistas e T\u00e9cnicos em Espet\u00e1culos de Divers\u00f5es do Estado de S\u00e3o Paulo, SATED-SP, situada na Avenida S\u00e3o Jo\u00e3o, n\u00ba1086&#8230;.<\/p>\n<p>Leia a ata completa no link: <a href=\"https:\/\/satedsp.org.br\/novo\/wp-content\/uploads\/2021\/11\/Ata-ultima-reuniao-eleicao-SATED.pdf\">Ata reuni\u00e3o elei\u00e7\u00e3o SATED-SP<\/a><\/p>\n<p>&nbsp;<\/p>\n","protected":false},"excerpt":{"rendered":"<p>\u00c0s 10h30 do dia 10\/11\/20121, na sede do Sindicato dos Artistas e T\u00e9cnicos em Espet\u00e1culos de Divers\u00f5es do Estado de S\u00e3o Paulo, SATED-SP, situada na Avenida S\u00e3o Jo\u00e3o, n\u00ba1086&#8230;. Leia a ata completa no link: Ata reuni\u00e3o elei\u00e7\u00e3o SATED-SP &nbsp;<\/p>\n","protected":false},"author":1,"featured_media":15006,"comment_status":"closed","ping_status":"closed","sticky":false,"template":"","format":"standard","meta":{"cybocfi_hide_featured_image":"","footnotes":""},"categories":[9,13,11],"tags":[],"class_list":["post-15643","post","type-post","status-publish","format-standard","has-post-thumbnail","hentry","category-convocacoes","category-informes","category-satedsp"],"_links":{"self":[{"href":"https:\/\/satedsp.org.br\/index.php\/wp-json\/wp\/v2\/posts\/15643","targetHints":{"allow":["GET"]}}],"collection":[{"href":"https:\/\/satedsp.org.br\/index.php\/wp-json\/wp\/v2\/posts"}],"about":[{"href":"https:\/\/satedsp.org.br\/index.php\/wp-json\/wp\/v2\/types\/post"}],"author":[{"embeddable":true,"href":"https:\/\/satedsp.org.br\/index.php\/wp-json\/wp\/v2\/users\/1"}],"replies":[{"embeddable":true,"href":"https:\/\/satedsp.org.br\/index.php\/wp-json\/wp\/v2\/comments?post=15643"}],"version-history":[{"count":0,"href":"https:\/\/satedsp.org.br\/index.php\/wp-json\/wp\/v2\/posts\/15643\/revisions"}],"wp:featuredmedia":[{"embeddable":true,"href":"https:\/\/satedsp.org.br\/index.php\/wp-json\/wp\/v2\/media\/15006"}],"wp:attachment":[{"href":"https:\/\/satedsp.org.br\/index.php\/wp-json\/wp\/v2\/media?parent=15643"}],"wp:term":[{"taxonomy":"category","embeddable":true,"href":"https:\/\/satedsp.org.br\/index.php\/wp-json\/wp\/v2\/categories?post=15643"},{"taxonomy":"post_tag","embeddable":true,"href":"https:\/\/satedsp.org.br\/index.php\/wp-json\/wp\/v2\/tags?post=15643"}],"curies":[{"name":"wp","href":"https:\/\/api.w.org\/{rel}","templated":true}]}}