{"id":15795,"date":"2021-11-19T13:56:24","date_gmt":"2021-11-19T16:56:24","guid":{"rendered":"https:\/\/www.satedsp.org.br\/?p=15795"},"modified":"2021-11-19T13:56:24","modified_gmt":"2021-11-19T16:56:24","slug":"convocacao-assembleia-permanente-de-dublagem-27-11-as-15h","status":"publish","type":"post","link":"https:\/\/satedsp.org.br\/index.php\/2021\/11\/19\/convocacao-assembleia-permanente-de-dublagem-27-11-as-15h\/","title":{"rendered":"Convoca\u00e7\u00e3o  &#8211; Assembleia permanente de dublagem 27\/11 \u00e0s 15h"},"content":{"rendered":"<div class=\"entry-content\">\n<p><span dir=\"ltr\" role=\"presentation\">Por seu <\/span><span dir=\"ltr\" role=\"presentation\">D<\/span><span dir=\"ltr\" role=\"presentation\">iretor <\/span><span dir=\"ltr\" role=\"presentation\">P<\/span><span dir=\"ltr\" role=\"presentation\">residente <\/span><span dir=\"ltr\" role=\"presentation\">Dorberto Rocha Carvalho<\/span><span dir=\"ltr\" role=\"presentation\">, no uso de suas atribui\u00e7\u00f5es legais, CONVOCA <\/span> <span dir=\"ltr\" role=\"presentation\">todos<\/span> <span dir=\"ltr\" role=\"presentation\">os profissionais <\/span><span dir=\"ltr\" role=\"presentation\">artistas em <\/span><span dir=\"ltr\" role=\"presentation\">DUBLAGEM<\/span> <span dir=\"ltr\" role=\"presentation\">do Estado de S\u00e3o P<\/span><span dir=\"ltr\" role=\"presentation\">aulo, <\/span><span dir=\"ltr\" role=\"presentation\">para <\/span> <span dir=\"ltr\" role=\"presentation\">ASSEMBLEIA PERMANENTE DE DUBLADORES\u00a0 <\/span> <span dir=\"ltr\" role=\"presentation\">que ser\u00e1 realizada por meio de plataforma digital no dia 27 (vinte e sete) de novembro de 2021 (s\u00e1bado)<\/span><span dir=\"ltr\" role=\"presentation\">,<\/span> <span dir=\"ltr\" role=\"presentation\">iniciando<\/span><span dir=\"ltr\" role=\"presentation\">\u2013<\/span><span dir=\"ltr\" role=\"presentation\">se \u00e0s 15:00h em primeira convoca\u00e7\u00e3o, ou na falta de qu\u00f3rum, \u00e0s 15:30h em segunda e \u00faltima<\/span> <span dir=\"ltr\" role=\"presentation\">convoca\u00e7\u00e3o, com qualquer n\u00famero de <\/span><span dir=\"ltr\" role=\"presentation\">presentes para deliberarem sobre a seguinte ordem do dia:<\/span><\/p>\n<p><span dir=\"ltr\" role=\"presentation\">1.<\/span>\u00a0<span dir=\"ltr\" role=\"presentation\"> Discutir o encaminhamento das pautas de reivindica\u00e7\u00f5es. (Entre aqui para ler antes da atualiza\u00e7\u00e3o <a href=\"https:\/\/satedsp.org.br\/novo\/wp-content\/uploads\/2021\/09\/Minuta-CCT-de-Dublagem_11_09_21_F.docx-1.pdf\">Pauta Reivindicat\u00f3ria de Dublagem<\/a>)\u00a0\u00a0<\/span> <span dir=\"ltr\" role=\"presentation\"><br \/>\n<\/span><\/p>\n<\/div>\n<div class=\"entry-content\">\n<p><strong>***O link para participa\u00e7\u00e3o da assembleia:\u00a0<\/strong><\/p>\n<p>Inscreva-se antecipadamente para esta reuni\u00e3o:<\/p>\n<p><a href=\"https:\/\/zoom.us\/meeting\/register\/tJIud-2qrj4oH9Sf4FWKQSmuIg3M_aZ2rWLS\">https:\/\/zoom.us\/meeting\/register\/tJIud-2qrj4oH9Sf4FWKQSmuIg3M_aZ2rWLS<\/a><\/p>\n<p>Ap\u00f3s a inscri\u00e7\u00e3o, voc\u00ea receber\u00e1 um e-mail de confirma\u00e7\u00e3o contendo informa\u00e7\u00f5es sobre como entrar na reuni\u00e3o.<\/p>\n<\/div>\n","protected":false},"excerpt":{"rendered":"<p>Por seu Diretor Presidente Dorberto Rocha Carvalho, no uso de suas atribui\u00e7\u00f5es legais, CONVOCA todos os profissionais artistas em DUBLAGEM do Estado de S\u00e3o Paulo, para ASSEMBLEIA PERMANENTE DE DUBLADORES\u00a0 que ser\u00e1 realizada por meio de plataforma digital no dia 27 (vinte e sete) de novembro de 2021 (s\u00e1bado), iniciando\u2013se \u00e0s 15:00h em primeira convoca\u00e7\u00e3o,&hellip;<\/p>\n","protected":false},"author":1,"featured_media":9183,"comment_status":"closed","ping_status":"closed","sticky":false,"template":"","format":"standard","meta":{"cybocfi_hide_featured_image":"","footnotes":""},"categories":[9,13,8],"tags":[],"class_list":["post-15795","post","type-post","status-publish","format-standard","has-post-thumbnail","hentry","category-convocacoes","category-informes","category-sem-categoria"],"_links":{"self":[{"href":"https:\/\/satedsp.org.br\/index.php\/wp-json\/wp\/v2\/posts\/15795","targetHints":{"allow":["GET"]}}],"collection":[{"href":"https:\/\/satedsp.org.br\/index.php\/wp-json\/wp\/v2\/posts"}],"about":[{"href":"https:\/\/satedsp.org.br\/index.php\/wp-json\/wp\/v2\/types\/post"}],"author":[{"embeddable":true,"href":"https:\/\/satedsp.org.br\/index.php\/wp-json\/wp\/v2\/users\/1"}],"replies":[{"embeddable":true,"href":"https:\/\/satedsp.org.br\/index.php\/wp-json\/wp\/v2\/comments?post=15795"}],"version-history":[{"count":0,"href":"https:\/\/satedsp.org.br\/index.php\/wp-json\/wp\/v2\/posts\/15795\/revisions"}],"wp:featuredmedia":[{"embeddable":true,"href":"https:\/\/satedsp.org.br\/index.php\/wp-json\/wp\/v2\/media\/9183"}],"wp:attachment":[{"href":"https:\/\/satedsp.org.br\/index.php\/wp-json\/wp\/v2\/media?parent=15795"}],"wp:term":[{"taxonomy":"category","embeddable":true,"href":"https:\/\/satedsp.org.br\/index.php\/wp-json\/wp\/v2\/categories?post=15795"},{"taxonomy":"post_tag","embeddable":true,"href":"https:\/\/satedsp.org.br\/index.php\/wp-json\/wp\/v2\/tags?post=15795"}],"curies":[{"name":"wp","href":"https:\/\/api.w.org\/{rel}","templated":true}]}}