{"id":16725,"date":"2022-09-21T18:42:42","date_gmt":"2022-09-21T21:42:42","guid":{"rendered":"https:\/\/www.satedsp.org.br\/?p=16725"},"modified":"2022-09-21T18:42:42","modified_gmt":"2022-09-21T21:42:42","slug":"agora-e-a-vez-das-tecnicas-e-tecnicos-2","status":"publish","type":"post","link":"https:\/\/satedsp.org.br\/index.php\/2022\/09\/21\/agora-e-a-vez-das-tecnicas-e-tecnicos-2\/","title":{"rendered":"AGORA \u00c9 A VEZ DAS T\u00c9CNICAS E T\u00c9CNICOS!"},"content":{"rendered":"<p>AGORA \u00c9 A VEZ DAS T\u00c9CNICAS E T\u00c9CNICOS!<\/p>\n<p>Convocamos os profissionais e as profissionais da t\u00e9cnica para Assembleia Geral Extraordin\u00e1ria que acontecer\u00e1 no dia 26\/09 de forma h\u00edbrida, ou seja, presencialmente na sede do SATED-SP e por meio da plataforma digital Zoom. Iniciaremos \u00e0s 17:00h em primeira convoca\u00e7\u00e3o, ou na falta de qu\u00f3rum, \u00e0s 17:30h em segunda e \u00faltima convoca\u00e7\u00e3o.<\/p>\n<p>Vamos juntos deliberar sobre:<br \/>\n1. Discuss\u00e3o e aprova\u00e7\u00e3o de pauta reivindicat\u00f3ria para campanha salarial de 2022 com data-base em 1\u00ba de outubro de 2022 e demais encaminhamentos.<br \/>\n2. Elei\u00e7\u00f5es de trabalhadores e trabalhadoras da \u00e1rea t\u00e9cnica para compor o Setorial da T\u00e9cnica do SATED-SP, que ter\u00e1 como fun\u00e7\u00f5es a elabora\u00e7\u00e3o de uma instru\u00e7\u00e3o normativa e a constitui\u00e7\u00e3o de bancas de avalia\u00e7\u00e3o de capacita\u00e7\u00e3o t\u00e9cnica para obten\u00e7\u00e3o do atestado de capacita\u00e7\u00e3o segundo a Lei 6533\/78 e quadro anexo do Decreto 82.385\/78 referente \u00e0s profiss\u00f5es da \u00e1rea t\u00e9cnica.<br \/>\n3. Demais assuntos e encaminhamentos de interesse dos trabalhadores do setor.<\/p>\n<p>As inscri\u00e7\u00f5es para participa\u00e7\u00e3o presencial ser\u00e3o feitas na hora da assembleia.<\/p>\n<p>Para participa\u00e7\u00f5es via Zoom inscreva-se pelo e-mail sindicalizacao@satedsp.org.br<br \/>\nou pelo Whatsapp: 11 95421-1217 (apenas para participa\u00e7\u00e3o via Zoom).<\/p>\n<p>Queremos a participa\u00e7\u00e3o de todes, nos ajude marcando uma pessoa da \u00e1rea t\u00e9cnica aqui nos coment\u00e1rios para que ela saiba da Assembleia.<\/p>\n<p><a href=\"https:\/\/satedsp.org.br\/novo\/wp-content\/uploads\/2022\/09\/FOLHA-SP-PG-A26.pdf\">FOLHA SP &#8211; PG A26<\/a><\/p>\n","protected":false},"excerpt":{"rendered":"<p>AGORA \u00c9 A VEZ DAS T\u00c9CNICAS E T\u00c9CNICOS! Convocamos os profissionais e as profissionais da t\u00e9cnica para Assembleia Geral Extraordin\u00e1ria que acontecer\u00e1 no dia 26\/09 de forma h\u00edbrida, ou seja, presencialmente na sede do SATED-SP e por meio da plataforma digital Zoom. Iniciaremos \u00e0s 17:00h em primeira convoca\u00e7\u00e3o, ou na falta de qu\u00f3rum, \u00e0s 17:30h&hellip;<\/p>\n","protected":false},"author":1,"featured_media":16726,"comment_status":"closed","ping_status":"closed","sticky":false,"template":"","format":"standard","meta":{"cybocfi_hide_featured_image":"","footnotes":""},"categories":[12],"tags":[],"class_list":["post-16725","post","type-post","status-publish","format-standard","has-post-thumbnail","hentry","category-acao-integrada"],"_links":{"self":[{"href":"https:\/\/satedsp.org.br\/index.php\/wp-json\/wp\/v2\/posts\/16725","targetHints":{"allow":["GET"]}}],"collection":[{"href":"https:\/\/satedsp.org.br\/index.php\/wp-json\/wp\/v2\/posts"}],"about":[{"href":"https:\/\/satedsp.org.br\/index.php\/wp-json\/wp\/v2\/types\/post"}],"author":[{"embeddable":true,"href":"https:\/\/satedsp.org.br\/index.php\/wp-json\/wp\/v2\/users\/1"}],"replies":[{"embeddable":true,"href":"https:\/\/satedsp.org.br\/index.php\/wp-json\/wp\/v2\/comments?post=16725"}],"version-history":[{"count":0,"href":"https:\/\/satedsp.org.br\/index.php\/wp-json\/wp\/v2\/posts\/16725\/revisions"}],"wp:featuredmedia":[{"embeddable":true,"href":"https:\/\/satedsp.org.br\/index.php\/wp-json\/wp\/v2\/media\/16726"}],"wp:attachment":[{"href":"https:\/\/satedsp.org.br\/index.php\/wp-json\/wp\/v2\/media?parent=16725"}],"wp:term":[{"taxonomy":"category","embeddable":true,"href":"https:\/\/satedsp.org.br\/index.php\/wp-json\/wp\/v2\/categories?post=16725"},{"taxonomy":"post_tag","embeddable":true,"href":"https:\/\/satedsp.org.br\/index.php\/wp-json\/wp\/v2\/tags?post=16725"}],"curies":[{"name":"wp","href":"https:\/\/api.w.org\/{rel}","templated":true}]}}