{"id":16732,"date":"2022-10-04T15:03:30","date_gmt":"2022-10-04T18:03:30","guid":{"rendered":"https:\/\/www.satedsp.org.br\/?p=16732"},"modified":"2022-10-04T15:03:30","modified_gmt":"2022-10-04T18:03:30","slug":"reuniao-geral-profissionais-de-dublagem","status":"publish","type":"post","link":"https:\/\/satedsp.org.br\/index.php\/2022\/10\/04\/reuniao-geral-profissionais-de-dublagem\/","title":{"rendered":"Reuni\u00e3o Geral com Profissionais de Dublagem"},"content":{"rendered":"<p>CONVITE<\/p>\n<p>Convidamos a todes os profissionais artistas em dublagem para reuni\u00e3o a realizar-se na pr\u00f3xima sexta feira, dia 07 de outubro de 2022, das 18h \u00e0s 20hs,  no Sindicato dos Radialistas do Estado de S\u00e3o Paulo &#8211; R. Conselheiro Ramalho, 992\/988 &#8211; Bela Vista &#8211; e com transmiss\u00e3o pela internet (plataforma zoom), para conversarmos sobre o atual cen\u00e1rio de nosso mercado de trabalho.<\/p>\n<p>Temas:<\/p>\n<p>&#8211; Processo administrativo em tr\u00e2mite no CADE<br \/>\n&#8211; Assuntos gerais<\/p>\n<p>As inscri\u00e7\u00f5es para participa\u00e7\u00e3o presencial ser\u00e3o feitas no local.<\/p>\n<p>Para participa\u00e7\u00f5es via Zoom inscreva-se atrav\u00e9s do formul\u00e1rio abaixo.<\/p>\n<p>Colaborem! Divulguem!<br \/>\nContamos com a participa\u00e7\u00e3o de todes!<\/p>\n<p><code><br \/>\n<iframe width=\"100%\" height=\"650\" scroll=\"no\" scrolling=\"no\" src=\"https:\/\/us06web.zoom.us\/meeting\/register\/tZcvcuyqpz4jEtSzf7mmhwoo9dbwmpVgZMZs\"><\/iframe><br \/>\n<\/code><\/p>\n","protected":false},"excerpt":{"rendered":"<p>CONVITE Convidamos a todes os profissionais artistas em dublagem para reuni\u00e3o a realizar-se na pr\u00f3xima sexta feira, dia 07 de outubro de 2022, das 18h \u00e0s 20hs, no Sindicato dos Radialistas do Estado de S\u00e3o Paulo &#8211; R. Conselheiro Ramalho, 992\/988 &#8211; Bela Vista &#8211; e com transmiss\u00e3o pela internet (plataforma zoom), para conversarmos sobre&hellip;<\/p>\n","protected":false},"author":1,"featured_media":16733,"comment_status":"closed","ping_status":"closed","sticky":false,"template":"","format":"standard","meta":{"cybocfi_hide_featured_image":"","footnotes":""},"categories":[12],"tags":[],"class_list":["post-16732","post","type-post","status-publish","format-standard","has-post-thumbnail","hentry","category-acao-integrada"],"_links":{"self":[{"href":"https:\/\/satedsp.org.br\/index.php\/wp-json\/wp\/v2\/posts\/16732","targetHints":{"allow":["GET"]}}],"collection":[{"href":"https:\/\/satedsp.org.br\/index.php\/wp-json\/wp\/v2\/posts"}],"about":[{"href":"https:\/\/satedsp.org.br\/index.php\/wp-json\/wp\/v2\/types\/post"}],"author":[{"embeddable":true,"href":"https:\/\/satedsp.org.br\/index.php\/wp-json\/wp\/v2\/users\/1"}],"replies":[{"embeddable":true,"href":"https:\/\/satedsp.org.br\/index.php\/wp-json\/wp\/v2\/comments?post=16732"}],"version-history":[{"count":0,"href":"https:\/\/satedsp.org.br\/index.php\/wp-json\/wp\/v2\/posts\/16732\/revisions"}],"wp:featuredmedia":[{"embeddable":true,"href":"https:\/\/satedsp.org.br\/index.php\/wp-json\/wp\/v2\/media\/16733"}],"wp:attachment":[{"href":"https:\/\/satedsp.org.br\/index.php\/wp-json\/wp\/v2\/media?parent=16732"}],"wp:term":[{"taxonomy":"category","embeddable":true,"href":"https:\/\/satedsp.org.br\/index.php\/wp-json\/wp\/v2\/categories?post=16732"},{"taxonomy":"post_tag","embeddable":true,"href":"https:\/\/satedsp.org.br\/index.php\/wp-json\/wp\/v2\/tags?post=16732"}],"curies":[{"name":"wp","href":"https:\/\/api.w.org\/{rel}","templated":true}]}}