{"id":16790,"date":"2023-03-02T19:08:04","date_gmt":"2023-03-02T22:08:04","guid":{"rendered":"https:\/\/www.satedsp.org.br\/?p=16790"},"modified":"2023-03-02T19:08:04","modified_gmt":"2023-03-02T22:08:04","slug":"enfrentamento-e-prevencao-ao-assedio-moral-e-sexual-no-setor-da-dublagem-2","status":"publish","type":"post","link":"https:\/\/satedsp.org.br\/index.php\/2023\/03\/02\/enfrentamento-e-prevencao-ao-assedio-moral-e-sexual-no-setor-da-dublagem-2\/","title":{"rendered":"Enfrentamento e Preven\u00e7\u00e3o ao Ass\u00e9dio Moral e Sexual no Setor da Dublagem"},"content":{"rendered":"<p>Organizada e produzida pela Comiss\u00e3o de Seguran\u00e7a contra o Ass\u00e9dio e Abuso de Mulheres e LGBTQIAP+ na Dublagem (tamb\u00e9m<br \/>\nconhecida como \u201cCom.Seg\u201d) do Sindicato dos Artistas e T\u00e9cnicos de Espet\u00e1culos e Divers\u00f5es do Estado de S\u00e3o Paulo (\u201cSATED-SP\u201d) em parceria com o escrit\u00f3rio de advocacia Lang &amp; Michelena Advogadas, a presente cartilha tem o intuito de apresentar ferramentas que possam auxiliar profissionais da dublagem na preven\u00e7\u00e3o e combate ao ass\u00e9dio no ambiente de trabalho.<\/p>\n<p>Infelizmente, \u00e9 crescente o n\u00famero de den\u00fancias de casos de ass\u00e9dio no ambiente da dublagem, trazendo inseguran\u00e7a aos profissionais do ramo, colocando desafios para o exerc\u00edcio profissional, especialmente daqueles que s\u00e3o parte de<br \/>\ngrupos marginalizados, como mulheres, pessoas LGBTQIAP+, pessoas negras, amarelas e ind\u00edgenas, pessoas com defici\u00eancia, entre outras.<\/p>\n<p>Precisa haver uma mudan\u00e7a de cultura, acompanhando as tend\u00eancias nacionais e internacionais de toler\u00e2ncia zero a casos de abuso<br \/>\nmoral e sexual no trabalho (e em todos os outros ambientes).<\/p>\n<p>Para tanto, \u00e9 um compromisso que precisa ser adotado por dubladores, t\u00e9cnicos, diretores, est\u00fadios e todos os agentes envolvidos no<br \/>\nmercado, fazendo dele mais seguro e inclusivo.<\/p>\n<p style=\"text-align: center;\"><img fetchpriority=\"high\" decoding=\"async\" class=\"alignnone size-medium wp-image-16793\" src=\"https:\/\/satedsp.org.br\/novo\/wp-content\/uploads\/2023\/03\/qr-code_dublagem-300x300.png\" alt=\"\" width=\"300\" height=\"300\" srcset=\"https:\/\/satedsp.org.br\/wp-content\/uploads\/2023\/03\/qr-code_dublagem-300x300.png 300w, https:\/\/satedsp.org.br\/wp-content\/uploads\/2023\/03\/qr-code_dublagem-150x150.png 150w, https:\/\/satedsp.org.br\/wp-content\/uploads\/2023\/03\/qr-code_dublagem-120x120.png 120w, https:\/\/satedsp.org.br\/wp-content\/uploads\/2023\/03\/qr-code_dublagem-160x160.png 160w, https:\/\/satedsp.org.br\/wp-content\/uploads\/2023\/03\/qr-code_dublagem.png 360w\" sizes=\"(max-width: 300px) 100vw, 300px\" \/><\/p>\n<p style=\"text-align: center;\">\n","protected":false},"excerpt":{"rendered":"<p>Organizada e produzida pela Comiss\u00e3o de Seguran\u00e7a contra o Ass\u00e9dio e Abuso de Mulheres e LGBTQIAP+ na Dublagem (tamb\u00e9m conhecida como \u201cCom.Seg\u201d) do Sindicato dos Artistas e T\u00e9cnicos de Espet\u00e1culos e Divers\u00f5es do Estado de S\u00e3o Paulo (\u201cSATED-SP\u201d) em parceria com o escrit\u00f3rio de advocacia Lang &amp; Michelena Advogadas, a presente cartilha tem o intuito&hellip;<\/p>\n","protected":false},"author":1,"featured_media":16791,"comment_status":"closed","ping_status":"closed","sticky":false,"template":"","format":"standard","meta":{"cybocfi_hide_featured_image":"","footnotes":""},"categories":[12,11],"tags":[],"class_list":["post-16790","post","type-post","status-publish","format-standard","has-post-thumbnail","hentry","category-acao-integrada","category-satedsp"],"_links":{"self":[{"href":"https:\/\/satedsp.org.br\/index.php\/wp-json\/wp\/v2\/posts\/16790","targetHints":{"allow":["GET"]}}],"collection":[{"href":"https:\/\/satedsp.org.br\/index.php\/wp-json\/wp\/v2\/posts"}],"about":[{"href":"https:\/\/satedsp.org.br\/index.php\/wp-json\/wp\/v2\/types\/post"}],"author":[{"embeddable":true,"href":"https:\/\/satedsp.org.br\/index.php\/wp-json\/wp\/v2\/users\/1"}],"replies":[{"embeddable":true,"href":"https:\/\/satedsp.org.br\/index.php\/wp-json\/wp\/v2\/comments?post=16790"}],"version-history":[{"count":0,"href":"https:\/\/satedsp.org.br\/index.php\/wp-json\/wp\/v2\/posts\/16790\/revisions"}],"wp:featuredmedia":[{"embeddable":true,"href":"https:\/\/satedsp.org.br\/index.php\/wp-json\/wp\/v2\/media\/16791"}],"wp:attachment":[{"href":"https:\/\/satedsp.org.br\/index.php\/wp-json\/wp\/v2\/media?parent=16790"}],"wp:term":[{"taxonomy":"category","embeddable":true,"href":"https:\/\/satedsp.org.br\/index.php\/wp-json\/wp\/v2\/categories?post=16790"},{"taxonomy":"post_tag","embeddable":true,"href":"https:\/\/satedsp.org.br\/index.php\/wp-json\/wp\/v2\/tags?post=16790"}],"curies":[{"name":"wp","href":"https:\/\/api.w.org\/{rel}","templated":true}]}}