{"id":21488,"date":"2025-09-11T12:18:21","date_gmt":"2025-09-11T12:18:21","guid":{"rendered":"https:\/\/satedsp.org.br\/?p=21488"},"modified":"2025-09-11T12:18:53","modified_gmt":"2025-09-11T12:18:53","slug":"assembleia-geral-publicidadeaudiovisual","status":"publish","type":"post","link":"https:\/\/satedsp.org.br\/index.php\/2025\/09\/11\/assembleia-geral-publicidadeaudiovisual\/","title":{"rendered":"Assembleia Geral &#8211; Publicidade|Audiovisual"},"content":{"rendered":"\n<p>Convocamos Atores e Atrizes que trabalham com Publicidade e Conte\u00fado Audiovisual, s\u00f3cios e n\u00e3o s\u00f3cios, para a Assembleia Geral Setorial que acontecer\u00e1 no dia 18\/09, \u00e0s 19h30 em primeira convoca\u00e7\u00e3o e \u00e0s 19h45 em segunda convoca\u00e7\u00e3o, em formato telepresencial pelo sistema ZOOM (online).<\/p>\n\n\n\n<p>O credenciamento ser\u00e1 feito por meio do preenchimento de formul\u00e1rio disponibilizado no link da Bio e no site oficial do sindicato.<\/p>\n\n\n\n<p>Na ocasi\u00e3o, vamos deliberar sobre:<\/p>\n\n\n\n<p>1) Informes e atualiza\u00e7\u00f5es sobre a negocia\u00e7\u00e3o da pauta de publicidade;<br>2) \u2060Discuss\u00e3o e delibera\u00e7\u00e3o sobre autoriza\u00e7\u00f5es de trabalho para artistas em publicidade;<br>3) \u2060Informes e atualiza\u00e7\u00f5es sobre a negocia\u00e7\u00e3o da pauta de produ\u00e7\u00e3o de conte\u00fado audiovisual.<\/p>\n\n\n\n<p>Contamos com a participa\u00e7\u00e3o de todas, todos e todes. Nos ajude divulgando para atores e atrizes e compartilhe com suas redes.<\/p>\n\n\n\n<p>Links para inscri\u00e7\u00e3o: <a href=\"https:\/\/forms.gle\/Su1QhJB7kYgtKjGA7\" target=\"_blank\" rel=\"noreferrer noopener\">https:\/\/forms.gle\/Su1QhJB7kYgtKjGA7<\/a><\/p>\n","protected":false},"excerpt":{"rendered":"<p>Convocamos Atores e Atrizes que trabalham com Publicidade e Conte\u00fado Audiovisual, s\u00f3cios e n\u00e3o s\u00f3cios, para a Assembleia Geral Setorial que acontecer\u00e1 no dia 18\/09, \u00e0s 19h30 em primeira convoca\u00e7\u00e3o e \u00e0s 19h45 em segunda convoca\u00e7\u00e3o, em formato telepresencial pelo sistema ZOOM (online). O credenciamento ser\u00e1 feito por meio do preenchimento de formul\u00e1rio disponibilizado no&hellip;<\/p>\n","protected":false},"author":1,"featured_media":21489,"comment_status":"open","ping_status":"open","sticky":false,"template":"","format":"standard","meta":{"cybocfi_hide_featured_image":"","footnotes":""},"categories":[5],"tags":[],"class_list":["post-21488","post","type-post","status-publish","format-standard","has-post-thumbnail","hentry","category-destaque"],"_links":{"self":[{"href":"https:\/\/satedsp.org.br\/index.php\/wp-json\/wp\/v2\/posts\/21488","targetHints":{"allow":["GET"]}}],"collection":[{"href":"https:\/\/satedsp.org.br\/index.php\/wp-json\/wp\/v2\/posts"}],"about":[{"href":"https:\/\/satedsp.org.br\/index.php\/wp-json\/wp\/v2\/types\/post"}],"author":[{"embeddable":true,"href":"https:\/\/satedsp.org.br\/index.php\/wp-json\/wp\/v2\/users\/1"}],"replies":[{"embeddable":true,"href":"https:\/\/satedsp.org.br\/index.php\/wp-json\/wp\/v2\/comments?post=21488"}],"version-history":[{"count":2,"href":"https:\/\/satedsp.org.br\/index.php\/wp-json\/wp\/v2\/posts\/21488\/revisions"}],"predecessor-version":[{"id":21491,"href":"https:\/\/satedsp.org.br\/index.php\/wp-json\/wp\/v2\/posts\/21488\/revisions\/21491"}],"wp:featuredmedia":[{"embeddable":true,"href":"https:\/\/satedsp.org.br\/index.php\/wp-json\/wp\/v2\/media\/21489"}],"wp:attachment":[{"href":"https:\/\/satedsp.org.br\/index.php\/wp-json\/wp\/v2\/media?parent=21488"}],"wp:term":[{"taxonomy":"category","embeddable":true,"href":"https:\/\/satedsp.org.br\/index.php\/wp-json\/wp\/v2\/categories?post=21488"},{"taxonomy":"post_tag","embeddable":true,"href":"https:\/\/satedsp.org.br\/index.php\/wp-json\/wp\/v2\/tags?post=21488"}],"curies":[{"name":"wp","href":"https:\/\/api.w.org\/{rel}","templated":true}]}}