{"id":21558,"date":"2025-11-03T12:50:29","date_gmt":"2025-11-03T12:50:29","guid":{"rendered":"https:\/\/satedsp.org.br\/?p=21558"},"modified":"2025-11-03T13:19:02","modified_gmt":"2025-11-03T13:19:02","slug":"encontro-nacional-de-politicas-para-o-teatro-define-diretrizes-estruturantes-para-o-setor-e-publica-a-carta-de-fortaleza","status":"publish","type":"post","link":"https:\/\/satedsp.org.br\/index.php\/2025\/11\/03\/encontro-nacional-de-politicas-para-o-teatro-define-diretrizes-estruturantes-para-o-setor-e-publica-a-carta-de-fortaleza\/","title":{"rendered":"Encontro Nacional de Pol\u00edticas para o Teatro define diretrizes estruturantes para o setor e publica a Carta de Fortaleza"},"content":{"rendered":"\n<p>Entre os dias 9 e 12 de setembro de 2025, Fortaleza (CE) sediou o <strong>Encontro Nacional de Pol\u00edticas P\u00fablicas para o Teatro<\/strong>, realizado pela Funda\u00e7\u00e3o Nacional de Artes (Funarte) em parceria com a Secretaria da Cultura do Estado do Cear\u00e1 (Secult-CE) e a Secretaria da Cultura de Fortaleza (Secultfor). O evento reuniu representantes de todos os estados brasileiros, com a presen\u00e7a de artistas, t\u00e9cnicos, gestores e entidades representativas do setor teatral, que debateram os rumos das pol\u00edticas p\u00fablicas para o teatro no pa\u00eds, e o SATED\/SP estava presente.<\/p>\n\n\n\n<p>Durante quatro dias, os participantes constru\u00edram de forma coletiva a <strong>Carta de Fortaleza<\/strong>, documento que sintetiza o diagn\u00f3stico e as principais propostas de pol\u00edticas p\u00fablicas para o teatro brasileiro. A carta refor\u00e7a a import\u00e2ncia da arte como instrumento de emancipa\u00e7\u00e3o e resist\u00eancia, destacando que \u201ca pol\u00edtica p\u00fablica para as artes deve ser democr\u00e1tica, popular e constru\u00edda de forma coletiva\u201d.<\/p>\n\n\n\n<p>Entre os encaminhamentos centrais deliberados no encontro, a Carta prop\u00f5e:<\/p>\n\n\n\n<p><strong>Garantia de 2% do or\u00e7amento geral da Uni\u00e3o para a cultura<\/strong>, 1,5% dos estados e 1% dos munic\u00edpios, assegurando financiamento cont\u00ednuo e estruturante;<\/p>\n\n\n\n<p><strong>Cria\u00e7\u00e3o de um Fundo Setorial do Teatro<\/strong>, com receitas provenientes de novas contribui\u00e7\u00f5es sobre plataformas digitais e Big Techs;<\/p>\n\n\n\n<p><strong>Implanta\u00e7\u00e3o de novos modelos de fomento<\/strong>, incluindo o matchfunding teatral, a regulamenta\u00e7\u00e3o da Lei 14.903\/2024 (marco regulat\u00f3rio do fomento \u00e0 cultura) e a transforma\u00e7\u00e3o do Fundo Nacional de Cultura (FNC) em fundo de natureza cont\u00e1bil e financeira, n\u00e3o sujeito a contingenciamentos;<\/p>\n\n\n\n<p><strong>Mapeamento nacional de espa\u00e7os culturais e cria\u00e7\u00e3o de uma Rede de Equipamentos para o Teatro<\/strong>, com investimento em infraestrutura, acessibilidade e qualifica\u00e7\u00e3o t\u00e9cnica;<\/p>\n\n\n\n<p><strong>Cria\u00e7\u00e3o do \u201cPr\u00eamio de Fomento ao Teatro Brasileiro\u201d<\/strong>, como pol\u00edtica de Estado permanente de apoio \u00e0s a\u00e7\u00f5es continuadas e grupos de teatro;<\/p>\n\n\n\n<p><strong>Pol\u00edtica Nacional de Festivais de Artes C\u00eanicas<\/strong>, com editais plurianuais e descentraliza\u00e7\u00e3o de recursos;<\/p>\n\n\n\n<p><strong>Institui\u00e7\u00e3o do Fator Amaz\u00f4nico como crit\u00e9rio de equidade nas pol\u00edticas culturais<\/strong>, reconhecendo as especificidades regionais;<\/p>\n\n\n\n<p><strong>Programas de forma\u00e7\u00e3o art\u00edstica, t\u00e9cnica e de gest\u00e3o<\/strong>, voltados \u00e0 descentraliza\u00e7\u00e3o e \u00e0 profissionaliza\u00e7\u00e3o dos trabalhadores do teatro;<\/p>\n\n\n\n<p><strong>Cria\u00e7\u00e3o de pol\u00edticas espec\u00edficas para o teatro negro, o teatro de rua, o teatro de bonecos, o teatro para as inf\u00e2ncias e juventudes e a\u00e7\u00f5es voltadas \u00e0 acessibilidade e \u00e0 diversidade<\/strong>;<\/p>\n\n\n\n<p><strong>Revis\u00e3o da Pol\u00edtica Nacional Aldir Blanc<\/strong>, com fortalecimento da governan\u00e7a, maior transpar\u00eancia na distribui\u00e7\u00e3o dos recursos e combate \u00e0 censura;<\/p>\n\n\n\n<p><strong>Aperfei\u00e7oamento das pol\u00edticas trabalhistas e previdenci\u00e1rias para artistas e t\u00e9cnicos<\/strong>, incluindo a proposta de um <strong>sistema especial de seguridade social e Fundo Emergencial de Amparo ao Artista<\/strong>;<\/p>\n\n\n\n<p><strong>Cria\u00e7\u00e3o de uma inst\u00e2ncia nacional de representa\u00e7\u00e3o do teatro brasileiro<\/strong>, articulando redes, federa\u00e7\u00f5es, coletivos e sindicatos.<\/p>\n\n\n\n<p>O encontro foi encerrado com a assinatura do <strong>Protocolo de Inten\u00e7\u00f5es \u201cBrasil: uma Fortaleza de Grupos de Teatro\u201d<\/strong>, consolidando compromissos entre Uni\u00e3o, Estado e Munic\u00edpio para fortalecer os grupos de a\u00e7\u00e3o continuada e promover pol\u00edticas de longo prazo.<\/p>\n\n\n\n<p>A presidenta da Funarte, Maria Marighella, destacou o car\u00e1ter hist\u00f3rico do documento e o papel da participa\u00e7\u00e3o social na formula\u00e7\u00e3o de pol\u00edticas p\u00fablicas para o teatro. A secret\u00e1ria da Cultura do Cear\u00e1, Luisa Cela, ressaltou a import\u00e2ncia da articula\u00e7\u00e3o federativa e da constru\u00e7\u00e3o de um pacto cultural entre as esferas de governo.<\/p>\n\n\n\n<p>Para o <strong>SATED\/SP<\/strong>, o encontro representa um avan\u00e7o decisivo na consolida\u00e7\u00e3o de uma pol\u00edtica nacional para o teatro, reafirmando o valor da organiza\u00e7\u00e3o coletiva e da escuta da classe art\u00edstica. A Carta de Fortaleza estabelece bases concretas para uma pol\u00edtica p\u00fablica democr\u00e1tica, sustent\u00e1vel e inclusiva \u2014 que reconhece o teatro brasileiro como express\u00e3o fundamental da cultura e do trabalho art\u00edstico no pa\u00eds.<\/p>\n\n\n<a href=\"https:\/\/satedsp.org.br\/wp-content\/uploads\/2025\/11\/CARTA-DE-FORTALEZA-11-de-setembro-de-2025.pdf\" class=\"pdfemb-viewer\" style=\"\" data-width=\"max\" data-height=\"max\" data-toolbar=\"bottom\" data-toolbar-fixed=\"off\">CARTA-DE-FORTALEZA-11-de-setembro-de-2025<\/a>\n\n\n<div style=\"height:100px\" aria-hidden=\"true\" class=\"wp-block-spacer\"><\/div>\n\n\n\n<div class=\"wp-block-buttons alignwide is-content-justification-center is-layout-flex wp-container-core-buttons-is-layout-16018d1d wp-block-buttons-is-layout-flex\">\n<div class=\"wp-block-button\"><a class=\"wp-block-button__link has-text-align-center wp-element-button\" href=\"https:\/\/satedsp.org.br\/wp-content\/uploads\/2025\/11\/CARTA-DE-FORTALEZA-11-de-setembro-de-2025.pdf\">Baixar pdf<\/a><\/div>\n<\/div>\n\n\n\n<p><\/p>\n","protected":false},"excerpt":{"rendered":"<p>Entre os dias 9 e 12 de setembro de 2025, Fortaleza (CE) sediou o Encontro Nacional de Pol\u00edticas P\u00fablicas para o Teatro, realizado pela Funda\u00e7\u00e3o Nacional de Artes (Funarte) em parceria com a Secretaria da Cultura do Estado do Cear\u00e1 (Secult-CE) e a Secretaria da Cultura de Fortaleza (Secultfor). O evento reuniu representantes de todos&hellip;<\/p>\n","protected":false},"author":1,"featured_media":21559,"comment_status":"open","ping_status":"open","sticky":false,"template":"","format":"standard","meta":{"cybocfi_hide_featured_image":"","footnotes":""},"categories":[5],"tags":[],"class_list":["post-21558","post","type-post","status-publish","format-standard","has-post-thumbnail","hentry","category-destaque"],"_links":{"self":[{"href":"https:\/\/satedsp.org.br\/index.php\/wp-json\/wp\/v2\/posts\/21558","targetHints":{"allow":["GET"]}}],"collection":[{"href":"https:\/\/satedsp.org.br\/index.php\/wp-json\/wp\/v2\/posts"}],"about":[{"href":"https:\/\/satedsp.org.br\/index.php\/wp-json\/wp\/v2\/types\/post"}],"author":[{"embeddable":true,"href":"https:\/\/satedsp.org.br\/index.php\/wp-json\/wp\/v2\/users\/1"}],"replies":[{"embeddable":true,"href":"https:\/\/satedsp.org.br\/index.php\/wp-json\/wp\/v2\/comments?post=21558"}],"version-history":[{"count":3,"href":"https:\/\/satedsp.org.br\/index.php\/wp-json\/wp\/v2\/posts\/21558\/revisions"}],"predecessor-version":[{"id":21565,"href":"https:\/\/satedsp.org.br\/index.php\/wp-json\/wp\/v2\/posts\/21558\/revisions\/21565"}],"wp:featuredmedia":[{"embeddable":true,"href":"https:\/\/satedsp.org.br\/index.php\/wp-json\/wp\/v2\/media\/21559"}],"wp:attachment":[{"href":"https:\/\/satedsp.org.br\/index.php\/wp-json\/wp\/v2\/media?parent=21558"}],"wp:term":[{"taxonomy":"category","embeddable":true,"href":"https:\/\/satedsp.org.br\/index.php\/wp-json\/wp\/v2\/categories?post=21558"},{"taxonomy":"post_tag","embeddable":true,"href":"https:\/\/satedsp.org.br\/index.php\/wp-json\/wp\/v2\/tags?post=21558"}],"curies":[{"name":"wp","href":"https:\/\/api.w.org\/{rel}","templated":true}]}}