{"id":21607,"date":"2025-11-12T09:42:33","date_gmt":"2025-11-12T09:42:33","guid":{"rendered":"https:\/\/satedsp.org.br\/?p=21607"},"modified":"2025-11-12T09:43:24","modified_gmt":"2025-11-12T09:43:24","slug":"assembleia-geral-audiovisual-conteudo-publicidade","status":"publish","type":"post","link":"https:\/\/satedsp.org.br\/index.php\/2025\/11\/12\/assembleia-geral-audiovisual-conteudo-publicidade\/","title":{"rendered":"Assembleia Geral Audiovisual | Conte\u00fado | Publicidade"},"content":{"rendered":"\n<p>Convocamos Atores e Atrizes que atuam em Audiovisual (Publicidade e Produ\u00e7\u00e3o de Conte\u00fado), s\u00f3cios e n\u00e3o s\u00f3cios, para a Assembleia Geral Setorial que acontecer\u00e1 no dia 19\/11, \u00e0s 19h15 em primeira convoca\u00e7\u00e3o e \u00e0s 19h30 em segunda convoca\u00e7\u00e3o, em formato telepresencial pelo sistema ZOOM (online).<\/p>\n\n\n\n<p>O credenciamento ser\u00e1 feito por meio do preenchimento de formul\u00e1rio disponibilizado nas redes sociais e no link abaixo.<\/p>\n\n\n\n<p>Na ocasi\u00e3o, vamos deliberar sobre:<\/p>\n\n\n\n<p>1) Discuss\u00e3o e aprova\u00e7\u00e3o da minuta final para Conven\u00e7\u00e3o Coletiva em Conte\u00fado Audiovisual e Publicidade;<br>2) \u2060Informes e outros assuntos de interesse da categoria.<\/p>\n\n\n\n<p>Inscreva-se para receber o link: <a href=\"https:\/\/forms.gle\/ybGtTXK4i9SxhKFt5\" target=\"_blank\" rel=\"noreferrer noopener\">https:\/\/forms.gle\/ybGtTXK4i9SxhKFt5<\/a><\/p>\n\n\n\n<p>Contamos com a participa\u00e7\u00e3o de todas, todos e todes. Nos ajude divulgando para atores e atrizes nas suas redes.<br>\ud83d\udcaa\ud83c\udffd<br><br>sated #satedsp #ator #atriz #publicidade #audiovisual<\/p>\n\n\n\n<h1 class=\"wp-block-heading\"><\/h1>\n\n\n\n<p><\/p>\n","protected":false},"excerpt":{"rendered":"<p>Convocamos Atores e Atrizes que atuam em Audiovisual (Publicidade e Produ\u00e7\u00e3o de Conte\u00fado), s\u00f3cios e n\u00e3o s\u00f3cios, para a Assembleia Geral Setorial que acontecer\u00e1 no dia 19\/11, \u00e0s 19h15 em primeira convoca\u00e7\u00e3o e \u00e0s 19h30 em segunda convoca\u00e7\u00e3o, em formato telepresencial pelo sistema ZOOM (online). O credenciamento ser\u00e1 feito por meio do preenchimento de formul\u00e1rio&hellip;<\/p>\n","protected":false},"author":1,"featured_media":21608,"comment_status":"open","ping_status":"open","sticky":false,"template":"","format":"standard","meta":{"cybocfi_hide_featured_image":"","footnotes":""},"categories":[5],"tags":[],"class_list":["post-21607","post","type-post","status-publish","format-standard","has-post-thumbnail","hentry","category-destaque"],"_links":{"self":[{"href":"https:\/\/satedsp.org.br\/index.php\/wp-json\/wp\/v2\/posts\/21607","targetHints":{"allow":["GET"]}}],"collection":[{"href":"https:\/\/satedsp.org.br\/index.php\/wp-json\/wp\/v2\/posts"}],"about":[{"href":"https:\/\/satedsp.org.br\/index.php\/wp-json\/wp\/v2\/types\/post"}],"author":[{"embeddable":true,"href":"https:\/\/satedsp.org.br\/index.php\/wp-json\/wp\/v2\/users\/1"}],"replies":[{"embeddable":true,"href":"https:\/\/satedsp.org.br\/index.php\/wp-json\/wp\/v2\/comments?post=21607"}],"version-history":[{"count":2,"href":"https:\/\/satedsp.org.br\/index.php\/wp-json\/wp\/v2\/posts\/21607\/revisions"}],"predecessor-version":[{"id":21610,"href":"https:\/\/satedsp.org.br\/index.php\/wp-json\/wp\/v2\/posts\/21607\/revisions\/21610"}],"wp:featuredmedia":[{"embeddable":true,"href":"https:\/\/satedsp.org.br\/index.php\/wp-json\/wp\/v2\/media\/21608"}],"wp:attachment":[{"href":"https:\/\/satedsp.org.br\/index.php\/wp-json\/wp\/v2\/media?parent=21607"}],"wp:term":[{"taxonomy":"category","embeddable":true,"href":"https:\/\/satedsp.org.br\/index.php\/wp-json\/wp\/v2\/categories?post=21607"},{"taxonomy":"post_tag","embeddable":true,"href":"https:\/\/satedsp.org.br\/index.php\/wp-json\/wp\/v2\/tags?post=21607"}],"curies":[{"name":"wp","href":"https:\/\/api.w.org\/{rel}","templated":true}]}}