{"id":21614,"date":"2025-11-13T14:31:46","date_gmt":"2025-11-13T14:31:46","guid":{"rendered":"https:\/\/satedsp.org.br\/?p=21614"},"modified":"2025-11-13T14:34:21","modified_gmt":"2025-11-13T14:34:21","slug":"nota-publica","status":"publish","type":"post","link":"https:\/\/satedsp.org.br\/index.php\/2025\/11\/13\/nota-publica\/","title":{"rendered":"SATED&#8217;S e SPDRJ juntos contra o racismo"},"content":{"rendered":"\n<p><strong>NOTA P\u00daBLICA<\/strong><br><br>Os SATEDs \u2013 Sindicatos dos Artistas e T\u00e9cnicos em Espet\u00e1culos de Divers\u00f5es dos estados de S\u00e3o Paulo, Paran\u00e1, Santa Catarina, Rio Grande do Sul, Pernambuco e Para\u00edba e o SPDRJ &#8211; Sindicato dos Profissionais da Dan\u00e7a de Dan\u00e7a do Rio de Janeiro; no m\u00eas da consci\u00eancia negra, v\u00eam a p\u00fablico manifestar seu posicionamento diante das recentes declara\u00e7\u00f5es feitas pelo presidente do SATED\/RJ ao portal Metr\u00f3poles, as quais contestam a legitimidade das den\u00fancias de racismo feitas pela atriz Ta\u00eds Ara\u00fajo em rela\u00e7\u00e3o aos procedimentos de compliance da Rede Globo.<\/p>\n\n\n\n<p>Os SATEDs s\u00e3o entidades estaduais aut\u00f4nomas, cada uma com seus princ\u00edpios, hist\u00f3rico e gest\u00e3o. O SATED\/SP, PR, SC, RS, PE, PB&nbsp; e o SPDRJ n\u00e3o compactuam com discursos que negam, banalizam ou desconhecem a exist\u00eancia do racismo estrutural e institucional no Brasil e, sobretudo, no setor audiovisual. Tais posicionamentos e cr\u00edticas despropositadas ignoram uma realidade amplamente comprovada: a de que artistas e t\u00e9cnicos negros continuam a enfrentar barreiras significativas de acesso, visibilidade e reconhecimento profissional, al\u00e9m de comprovadamente receberem sal\u00e1rios e cach\u00eas inferiores aos de profissionais n\u00e3o negros.<\/p>\n\n\n\n<p>Um sindicato existe para proteger trabalhadoras e trabalhadores, e n\u00e3o para persegui-los ou desqualific\u00e1-los. \u00c9 dever hist\u00f3rico e prerrogativa das entidades sindicais lutar contra abusos de poder e desigualdades impostas por contratantes, produtoras e empresas do setor, e n\u00e3o deslegitimar as vozes daqueles que denunciam injusti\u00e7as. \u00c9 lament\u00e1vel que o dirigente do SATED\/RJ utilize um espa\u00e7o p\u00fablico e de visibilidade para direcionar cr\u00edticas a artistas, em vez de cobrar responsabilidade das estruturas empresariais e das produ\u00e7\u00f5es que perpetuam a exclus\u00e3o e a desigualdade.<\/p>\n\n\n\n<p>O papel de um sindicato \u00e9 estar ao lado da classe trabalhadora, na defesa de condi\u00e7\u00f5es dignas de trabalho, de remunera\u00e7\u00e3o justa e do respeito \u00e0 diversidade. Cabe \u00e0s entidades representativas promover o di\u00e1logo e a transforma\u00e7\u00e3o social, e n\u00e3o refor\u00e7ar narrativas preconceituosas ou relativizar o sofrimento de seus representados.<\/p>\n\n\n\n<p>Os SATED\u2019s acima citados reafirmam o compromisso com a constru\u00e7\u00e3o de espa\u00e7os e oportunidades de trabalho mais plurais, \u00e9ticos e inclusivos, em que o talento e o profissionalismo sejam reconhecidos independentemente de cor, credo, g\u00eanero, origem ou condi\u00e7\u00e3o social. Seguiremos atuando com firmeza e solidariedade junto \u00e0s trabalhadoras e trabalhadores da arte e da t\u00e9cnica, combatendo toda forma de preconceito e abuso, de qualquer origem.<\/p>\n\n\n\n<p>RACISMO \u00c9 CRIME!<\/p>\n\n\n\n<p>13 de novembro de 2025<\/p>\n\n\n\n<p>SATED\/SP<\/p>\n\n\n\n<p>SATED\/RS<\/p>\n\n\n\n<p>SATED\/PR (por meio de sua Coordenadoria Negra)<\/p>\n\n\n\n<p>SATED\/SC<\/p>\n\n\n\n<p>SATED\/PE<\/p>\n\n\n\n<p>SATED\/PB<\/p>\n\n\n\n<p>SPDRJ<\/p>\n\n\n\n<p><\/p>\n","protected":false},"excerpt":{"rendered":"<p>NOTA P\u00daBLICA Os SATEDs \u2013 Sindicatos dos Artistas e T\u00e9cnicos em Espet\u00e1culos de Divers\u00f5es dos estados de S\u00e3o Paulo, Paran\u00e1, Santa Catarina, Rio Grande do Sul, Pernambuco e Para\u00edba e o SPDRJ &#8211; Sindicato dos Profissionais da Dan\u00e7a de Dan\u00e7a do Rio de Janeiro; no m\u00eas da consci\u00eancia negra, v\u00eam a p\u00fablico manifestar seu posicionamento&hellip;<\/p>\n","protected":false},"author":1,"featured_media":21615,"comment_status":"open","ping_status":"open","sticky":false,"template":"","format":"standard","meta":{"cybocfi_hide_featured_image":"","footnotes":""},"categories":[5],"tags":[],"class_list":["post-21614","post","type-post","status-publish","format-standard","has-post-thumbnail","hentry","category-destaque"],"_links":{"self":[{"href":"https:\/\/satedsp.org.br\/index.php\/wp-json\/wp\/v2\/posts\/21614","targetHints":{"allow":["GET"]}}],"collection":[{"href":"https:\/\/satedsp.org.br\/index.php\/wp-json\/wp\/v2\/posts"}],"about":[{"href":"https:\/\/satedsp.org.br\/index.php\/wp-json\/wp\/v2\/types\/post"}],"author":[{"embeddable":true,"href":"https:\/\/satedsp.org.br\/index.php\/wp-json\/wp\/v2\/users\/1"}],"replies":[{"embeddable":true,"href":"https:\/\/satedsp.org.br\/index.php\/wp-json\/wp\/v2\/comments?post=21614"}],"version-history":[{"count":4,"href":"https:\/\/satedsp.org.br\/index.php\/wp-json\/wp\/v2\/posts\/21614\/revisions"}],"predecessor-version":[{"id":21619,"href":"https:\/\/satedsp.org.br\/index.php\/wp-json\/wp\/v2\/posts\/21614\/revisions\/21619"}],"wp:featuredmedia":[{"embeddable":true,"href":"https:\/\/satedsp.org.br\/index.php\/wp-json\/wp\/v2\/media\/21615"}],"wp:attachment":[{"href":"https:\/\/satedsp.org.br\/index.php\/wp-json\/wp\/v2\/media?parent=21614"}],"wp:term":[{"taxonomy":"category","embeddable":true,"href":"https:\/\/satedsp.org.br\/index.php\/wp-json\/wp\/v2\/categories?post=21614"},{"taxonomy":"post_tag","embeddable":true,"href":"https:\/\/satedsp.org.br\/index.php\/wp-json\/wp\/v2\/tags?post=21614"}],"curies":[{"name":"wp","href":"https:\/\/api.w.org\/{rel}","templated":true}]}}