{"id":289,"date":"2024-03-12T10:23:20","date_gmt":"2024-03-12T10:23:20","guid":{"rendered":"https:\/\/satedsp.org.br\/novo\/?p=289"},"modified":"2024-03-12T10:23:21","modified_gmt":"2024-03-12T10:23:21","slug":"agora-e-a-vez-das-tecnicas-e-tecnicos","status":"publish","type":"post","link":"https:\/\/satedsp.org.br\/index.php\/2024\/03\/12\/agora-e-a-vez-das-tecnicas-e-tecnicos\/","title":{"rendered":"AGORA \u00c9 A VEZ DAS T\u00c9CNICAS E T\u00c9CNICOS!"},"content":{"rendered":"\n<p>AGORA \u00c9 A VEZ DAS T\u00c9CNICAS E T\u00c9CNICOS!<\/p>\n\n\n\n<p>Convocamos os profissionais e as profissionais da t\u00e9cnica para Assembleia Geral Extraordin\u00e1ria que acontecer\u00e1 no dia 26\/09 de forma h\u00edbrida, ou seja, presencialmente na sede do SATED-SP e por meio da plataforma digital Zoom. Iniciaremos \u00e0s 17:00h em primeira convoca\u00e7\u00e3o, ou na falta de qu\u00f3rum, \u00e0s 17:30h em segunda e \u00faltima convoca\u00e7\u00e3o.<\/p>\n\n\n\n<p>Vamos juntos deliberar sobre:<br>1. Discuss\u00e3o e aprova\u00e7\u00e3o de pauta reivindicat\u00f3ria para campanha salarial de 2022 com data-base em 1\u00ba de outubro de 2022 e demais encaminhamentos.<br>2. Elei\u00e7\u00f5es de trabalhadores e trabalhadoras da \u00e1rea t\u00e9cnica para compor o Setorial da T\u00e9cnica do SATED-SP, que ter\u00e1 como fun\u00e7\u00f5es a elabora\u00e7\u00e3o de uma instru\u00e7\u00e3o normativa e a constitui\u00e7\u00e3o de bancas de avalia\u00e7\u00e3o de capacita\u00e7\u00e3o t\u00e9cnica para obten\u00e7\u00e3o do atestado de capacita\u00e7\u00e3o segundo a Lei 6533\/78 e quadro anexo do Decreto 82.385\/78 referente \u00e0s profiss\u00f5es da \u00e1rea t\u00e9cnica.<br>3. Demais assuntos e encaminhamentos de interesse dos trabalhadores do setor.<\/p>\n\n\n\n<p>As inscri\u00e7\u00f5es para participa\u00e7\u00e3o presencial ser\u00e3o feitas na hora da assembleia.<\/p>\n\n\n\n<p>Para participa\u00e7\u00f5es via Zoom inscreva-se pelo e-mail sindicalizacao@satedsp.org.br<br>ou pelo Whatsapp: 11 95421-1217 (apenas para participa\u00e7\u00e3o via Zoom).<\/p>\n\n\n\n<p>Queremos a participa\u00e7\u00e3o de todes, nos ajude marcando uma pessoa da \u00e1rea t\u00e9cnica aqui nos coment\u00e1rios para que ela saiba da Assembleia.<\/p>\n\n\n\n<p><a href=\"https:\/\/satedsp.org.br\/novo\/wp-content\/uploads\/2022\/09\/FOLHA-SP-PG-A26.pdf\">FOLHA SP \u2013 PG A26<\/a><\/p>\n","protected":false},"excerpt":{"rendered":"<p>AGORA \u00c9 A VEZ DAS T\u00c9CNICAS E T\u00c9CNICOS! Convocamos os profissionais e as profissionais da t\u00e9cnica para Assembleia Geral Extraordin\u00e1ria que acontecer\u00e1 no dia 26\/09 de forma h\u00edbrida, ou seja, presencialmente na sede do SATED-SP e por meio da plataforma digital Zoom. Iniciaremos \u00e0s 17:00h em primeira convoca\u00e7\u00e3o, ou na falta de qu\u00f3rum, \u00e0s 17:30h&hellip;<\/p>\n","protected":false},"author":1,"featured_media":290,"comment_status":"open","ping_status":"open","sticky":false,"template":"","format":"standard","meta":{"cybocfi_hide_featured_image":"","footnotes":""},"categories":[4],"tags":[],"class_list":["post-289","post","type-post","status-publish","format-standard","has-post-thumbnail","hentry","category-noticias"],"_links":{"self":[{"href":"https:\/\/satedsp.org.br\/index.php\/wp-json\/wp\/v2\/posts\/289","targetHints":{"allow":["GET"]}}],"collection":[{"href":"https:\/\/satedsp.org.br\/index.php\/wp-json\/wp\/v2\/posts"}],"about":[{"href":"https:\/\/satedsp.org.br\/index.php\/wp-json\/wp\/v2\/types\/post"}],"author":[{"embeddable":true,"href":"https:\/\/satedsp.org.br\/index.php\/wp-json\/wp\/v2\/users\/1"}],"replies":[{"embeddable":true,"href":"https:\/\/satedsp.org.br\/index.php\/wp-json\/wp\/v2\/comments?post=289"}],"version-history":[{"count":1,"href":"https:\/\/satedsp.org.br\/index.php\/wp-json\/wp\/v2\/posts\/289\/revisions"}],"predecessor-version":[{"id":291,"href":"https:\/\/satedsp.org.br\/index.php\/wp-json\/wp\/v2\/posts\/289\/revisions\/291"}],"wp:featuredmedia":[{"embeddable":true,"href":"https:\/\/satedsp.org.br\/index.php\/wp-json\/wp\/v2\/media\/290"}],"wp:attachment":[{"href":"https:\/\/satedsp.org.br\/index.php\/wp-json\/wp\/v2\/media?parent=289"}],"wp:term":[{"taxonomy":"category","embeddable":true,"href":"https:\/\/satedsp.org.br\/index.php\/wp-json\/wp\/v2\/categories?post=289"},{"taxonomy":"post_tag","embeddable":true,"href":"https:\/\/satedsp.org.br\/index.php\/wp-json\/wp\/v2\/tags?post=289"}],"curies":[{"name":"wp","href":"https:\/\/api.w.org\/{rel}","templated":true}]}}