{"id":4207,"date":"2018-11-21T09:07:02","date_gmt":"2018-11-21T11:07:02","guid":{"rendered":"https:\/\/www.satedsp.org.br\/?p=4207"},"modified":"2018-11-21T09:07:02","modified_gmt":"2018-11-21T11:07:02","slug":"palestra-de-dramaturgia-da-luz-processo-de-criacao-producao-tecnica-em-opera-e-teatro-com-caetano-vilela","status":"publish","type":"post","link":"https:\/\/satedsp.org.br\/index.php\/2018\/11\/21\/palestra-de-dramaturgia-da-luz-processo-de-criacao-producao-tecnica-em-opera-e-teatro-com-caetano-vilela\/","title":{"rendered":"Palestra de Dramaturgia da Luz: processo de cria\u00e7\u00e3o, produ\u00e7\u00e3o t\u00e9cnica em \u00f3pera e teatro com CAETANO VILELA"},"content":{"rendered":"<p><img fetchpriority=\"high\" decoding=\"async\" class=\"aligncenter wp-image-4208 size-large\" src=\"https:\/\/www.satedsp.org.br\/wp-content\/uploads\/2018\/11\/Caetano-Vilela-1024x436.jpeg\" alt=\"\" width=\"720\" height=\"307\" srcset=\"https:\/\/satedsp.org.br\/wp-content\/uploads\/2018\/11\/Caetano-Vilela-1024x436.jpeg 1024w, https:\/\/satedsp.org.br\/wp-content\/uploads\/2018\/11\/Caetano-Vilela-300x128.jpeg 300w, https:\/\/satedsp.org.br\/wp-content\/uploads\/2018\/11\/Caetano-Vilela-768x327.jpeg 768w, https:\/\/satedsp.org.br\/wp-content\/uploads\/2018\/11\/Caetano-Vilela-370x158.jpeg 370w, https:\/\/satedsp.org.br\/wp-content\/uploads\/2018\/11\/Caetano-Vilela-1080x460.jpeg 1080w, https:\/\/satedsp.org.br\/wp-content\/uploads\/2018\/11\/Caetano-Vilela-865x368.jpeg 865w, https:\/\/satedsp.org.br\/wp-content\/uploads\/2018\/11\/Caetano-Vilela-642x273.jpeg 642w, https:\/\/satedsp.org.br\/wp-content\/uploads\/2018\/11\/Caetano-Vilela.jpeg 1280w\" sizes=\"(max-width: 720px) 100vw, 720px\" \/><\/p>\n<p>Acontece na sede do Sated-SP no dia 03\/12\/2018 das 15:00h \u00e0s 17:30h e tem como p\u00fablico alvo todos os profissionais na \u00e1rea luminadores, atores, diretores e interessados em processo de cria\u00e7\u00e3o.<\/p>\n<p>Plano: Esta palestra n\u00e3o \u00e9 sobre t\u00e9cnica de luz e sim sobre processo de cria\u00e7\u00e3o e exposi\u00e7\u00e3o te\u00f3rica sobre a evolu\u00e7\u00e3o da ilumina\u00e7\u00e3o de \u00f3pera e teatro de prosa.<\/p>\n<p>S\u00e9culo XV a XVIII: a evolu\u00e7\u00e3o tecnol\u00f3gica desde a Idade M\u00e9dia at\u00e9 o Per\u00edodo do Romantismo Alem\u00e3o. S\u00e9culo XIX a XX: Richard Wagner e a revolu\u00e7\u00e3o c\u00eanica na \u00f3pera e na arquitetura teatral; Meierhold, o primeiro encenador teatral; a evolu\u00e7\u00e3o espacial de Adolphe Appia e Gordon Craig; Josef Svoboda, o \u00faltimo revolucion\u00e1rio c\u00eanico.<br \/>\nS\u00e9culo XXI: Sobre as ferramentas tecnol\u00f3gicas dispon\u00edveis para o processo de cria\u00e7\u00e3o; evolu\u00e7\u00e3o da utiliza\u00e7\u00e3o de recursos muldim\u00eddia como dramaturgia e efeito; George Tsypin e o rigor da cria\u00e7\u00e3o c\u00eanica.<\/p>\n<p>Fa\u00e7a sua inscri\u00e7\u00e3o aqui: <a href=\"https:\/\/goo.gl\/forms\/7aoDTEZT4PoBSJay2\">https:\/\/goo.gl\/forms\/7aoDTEZT4PoBSJay2<\/a><\/p>\n","protected":false},"excerpt":{"rendered":"<p>Acontece na sede do Sated-SP no dia 03\/12\/2018 das 15:00h \u00e0s 17:30h e tem como p\u00fablico alvo todos os profissionais na \u00e1rea luminadores, atores, diretores e interessados em processo de cria\u00e7\u00e3o. Plano: Esta palestra n\u00e3o \u00e9 sobre t\u00e9cnica de luz e sim sobre processo de cria\u00e7\u00e3o e exposi\u00e7\u00e3o te\u00f3rica sobre a evolu\u00e7\u00e3o da ilumina\u00e7\u00e3o de&hellip;<\/p>\n","protected":false},"author":1,"featured_media":4208,"comment_status":"closed","ping_status":"closed","sticky":false,"template":"","format":"standard","meta":{"cybocfi_hide_featured_image":"","footnotes":""},"categories":[10],"tags":[],"class_list":["post-4207","post","type-post","status-publish","format-standard","has-post-thumbnail","hentry","category-debatepapo"],"_links":{"self":[{"href":"https:\/\/satedsp.org.br\/index.php\/wp-json\/wp\/v2\/posts\/4207","targetHints":{"allow":["GET"]}}],"collection":[{"href":"https:\/\/satedsp.org.br\/index.php\/wp-json\/wp\/v2\/posts"}],"about":[{"href":"https:\/\/satedsp.org.br\/index.php\/wp-json\/wp\/v2\/types\/post"}],"author":[{"embeddable":true,"href":"https:\/\/satedsp.org.br\/index.php\/wp-json\/wp\/v2\/users\/1"}],"replies":[{"embeddable":true,"href":"https:\/\/satedsp.org.br\/index.php\/wp-json\/wp\/v2\/comments?post=4207"}],"version-history":[{"count":0,"href":"https:\/\/satedsp.org.br\/index.php\/wp-json\/wp\/v2\/posts\/4207\/revisions"}],"wp:featuredmedia":[{"embeddable":true,"href":"https:\/\/satedsp.org.br\/index.php\/wp-json\/wp\/v2\/media\/4208"}],"wp:attachment":[{"href":"https:\/\/satedsp.org.br\/index.php\/wp-json\/wp\/v2\/media?parent=4207"}],"wp:term":[{"taxonomy":"category","embeddable":true,"href":"https:\/\/satedsp.org.br\/index.php\/wp-json\/wp\/v2\/categories?post=4207"},{"taxonomy":"post_tag","embeddable":true,"href":"https:\/\/satedsp.org.br\/index.php\/wp-json\/wp\/v2\/tags?post=4207"}],"curies":[{"name":"wp","href":"https:\/\/api.w.org\/{rel}","templated":true}]}}