{"id":4210,"date":"2018-11-21T09:13:14","date_gmt":"2018-11-21T11:13:14","guid":{"rendered":"https:\/\/www.satedsp.org.br\/?p=4210"},"modified":"2018-11-21T09:13:14","modified_gmt":"2018-11-21T11:13:14","slug":"debate-papo-iluminacao-e-cenografia-com-marisa-bentivegna","status":"publish","type":"post","link":"https:\/\/satedsp.org.br\/index.php\/2018\/11\/21\/debate-papo-iluminacao-e-cenografia-com-marisa-bentivegna\/","title":{"rendered":"Debate Papo: Ilumina\u00e7\u00e3o e Cenografia com Marisa Bentivegna"},"content":{"rendered":"<p><img fetchpriority=\"high\" decoding=\"async\" class=\"aligncenter wp-image-4213 size-large\" src=\"https:\/\/www.satedsp.org.br\/wp-content\/uploads\/2018\/11\/Marisa-1024x438.jpeg\" alt=\"\" width=\"720\" height=\"308\" srcset=\"https:\/\/satedsp.org.br\/wp-content\/uploads\/2018\/11\/Marisa-1024x438.jpeg 1024w, https:\/\/satedsp.org.br\/wp-content\/uploads\/2018\/11\/Marisa-300x128.jpeg 300w, https:\/\/satedsp.org.br\/wp-content\/uploads\/2018\/11\/Marisa-768x329.jpeg 768w, https:\/\/satedsp.org.br\/wp-content\/uploads\/2018\/11\/Marisa-370x158.jpeg 370w, https:\/\/satedsp.org.br\/wp-content\/uploads\/2018\/11\/Marisa-865x370.jpeg 865w, https:\/\/satedsp.org.br\/wp-content\/uploads\/2018\/11\/Marisa-642x275.jpeg 642w, https:\/\/satedsp.org.br\/wp-content\/uploads\/2018\/11\/Marisa.jpeg 1066w\" sizes=\"(max-width: 720px) 100vw, 720px\" \/><\/p>\n<p>O Debate papo acontecer\u00e1 no dia 10 de Dezembro de 2018 das 15:00 as 17:00 na sede do Sated &#8211; SP e tem como p\u00fablico alvo todos os profissionais da cenografia e ilumina\u00e7\u00e3o.<\/p>\n<p>Marisa Bentivegna \u00e9 iluminadora e cen\u00f3grafa, estreou no teatro profissional em 1990, \u00e9 formada pela FAAP no curso de publicidade e propaganda e na escola de Belas Artes de S\u00e3o Paulo no curso de desenho industrial.<br \/>\nAtua em teatro, dan\u00e7a, exposi\u00e7\u00f5es e shows musicais, tendo trabalhado em mais de 20 pa\u00edses na ultima d\u00e9cada.<br \/>\nNa sua trajet\u00f3ria recebeu os seguintes pr\u00eamios, Shell, APCA, Coca Cola FEMSA, FITA, entre outros.<br \/>\nTem como parceiros de cria\u00e7\u00e3o Cristiane Paoli Quito, Kiko Marques, Nelson Baskerville, Alexandre Dal Farra entre outros.<\/p>\n<p>Fa\u00e7a a sua inscri\u00e7\u00e3o aqui: <a href=\"https:\/\/goo.gl\/forms\/6ohbYpcuhQBKqI742\">https:\/\/goo.gl\/forms\/6ohbYpcuhQBKqI742<\/a><\/p>\n<p>&nbsp;<\/p>\n<p>&nbsp;<\/p>\n","protected":false},"excerpt":{"rendered":"<p>O Debate papo acontecer\u00e1 no dia 10 de Dezembro de 2018 das 15:00 as 17:00 na sede do Sated &#8211; SP e tem como p\u00fablico alvo todos os profissionais da cenografia e ilumina\u00e7\u00e3o. Marisa Bentivegna \u00e9 iluminadora e cen\u00f3grafa, estreou no teatro profissional em 1990, \u00e9 formada pela FAAP no curso de publicidade e propaganda&hellip;<\/p>\n","protected":false},"author":1,"featured_media":4213,"comment_status":"closed","ping_status":"closed","sticky":false,"template":"","format":"standard","meta":{"cybocfi_hide_featured_image":"","footnotes":""},"categories":[10],"tags":[],"class_list":["post-4210","post","type-post","status-publish","format-standard","has-post-thumbnail","hentry","category-debatepapo"],"_links":{"self":[{"href":"https:\/\/satedsp.org.br\/index.php\/wp-json\/wp\/v2\/posts\/4210","targetHints":{"allow":["GET"]}}],"collection":[{"href":"https:\/\/satedsp.org.br\/index.php\/wp-json\/wp\/v2\/posts"}],"about":[{"href":"https:\/\/satedsp.org.br\/index.php\/wp-json\/wp\/v2\/types\/post"}],"author":[{"embeddable":true,"href":"https:\/\/satedsp.org.br\/index.php\/wp-json\/wp\/v2\/users\/1"}],"replies":[{"embeddable":true,"href":"https:\/\/satedsp.org.br\/index.php\/wp-json\/wp\/v2\/comments?post=4210"}],"version-history":[{"count":0,"href":"https:\/\/satedsp.org.br\/index.php\/wp-json\/wp\/v2\/posts\/4210\/revisions"}],"wp:featuredmedia":[{"embeddable":true,"href":"https:\/\/satedsp.org.br\/index.php\/wp-json\/wp\/v2\/media\/4213"}],"wp:attachment":[{"href":"https:\/\/satedsp.org.br\/index.php\/wp-json\/wp\/v2\/media?parent=4210"}],"wp:term":[{"taxonomy":"category","embeddable":true,"href":"https:\/\/satedsp.org.br\/index.php\/wp-json\/wp\/v2\/categories?post=4210"},{"taxonomy":"post_tag","embeddable":true,"href":"https:\/\/satedsp.org.br\/index.php\/wp-json\/wp\/v2\/tags?post=4210"}],"curies":[{"name":"wp","href":"https:\/\/api.w.org\/{rel}","templated":true}]}}