{"id":4220,"date":"2018-11-21T09:34:24","date_gmt":"2018-11-21T11:34:24","guid":{"rendered":"https:\/\/www.satedsp.org.br\/?p=4220"},"modified":"2018-11-21T09:34:24","modified_gmt":"2018-11-21T11:34:24","slug":"maria-alice-vergueiro-recebe-a-homenagem-lelia-abramo-do-sated-sp","status":"publish","type":"post","link":"https:\/\/satedsp.org.br\/index.php\/2018\/11\/21\/maria-alice-vergueiro-recebe-a-homenagem-lelia-abramo-do-sated-sp\/","title":{"rendered":"Maria Alice Vergueiro recebe a Homenagem Lelia Abramo do SATED-SP"},"content":{"rendered":"<p><img fetchpriority=\"high\" decoding=\"async\" class=\"wp-image-4221 size-large aligncenter\" src=\"https:\/\/www.satedsp.org.br\/wp-content\/uploads\/2018\/11\/Maria-Alice-Vergueiro-1024x768.jpeg\" alt=\"\" width=\"720\" height=\"540\" srcset=\"https:\/\/satedsp.org.br\/wp-content\/uploads\/2018\/11\/Maria-Alice-Vergueiro-1024x768.jpeg 1024w, https:\/\/satedsp.org.br\/wp-content\/uploads\/2018\/11\/Maria-Alice-Vergueiro-300x225.jpeg 300w, https:\/\/satedsp.org.br\/wp-content\/uploads\/2018\/11\/Maria-Alice-Vergueiro-768x576.jpeg 768w, https:\/\/satedsp.org.br\/wp-content\/uploads\/2018\/11\/Maria-Alice-Vergueiro-370x278.jpeg 370w, https:\/\/satedsp.org.br\/wp-content\/uploads\/2018\/11\/Maria-Alice-Vergueiro-533x400.jpeg 533w, https:\/\/satedsp.org.br\/wp-content\/uploads\/2018\/11\/Maria-Alice-Vergueiro-1080x810.jpeg 1080w, https:\/\/satedsp.org.br\/wp-content\/uploads\/2018\/11\/Maria-Alice-Vergueiro-865x649.jpeg 865w, https:\/\/satedsp.org.br\/wp-content\/uploads\/2018\/11\/Maria-Alice-Vergueiro-642x482.jpeg 642w, https:\/\/satedsp.org.br\/wp-content\/uploads\/2018\/11\/Maria-Alice-Vergueiro.jpeg 1280w\" sizes=\"(max-width: 720px) 100vw, 720px\" \/><\/p>\n<p>&nbsp;<\/p>\n<p style=\"text-align: left;\">Por Jairo Maciel.<\/p>\n<p>\u201cViver num mundo t\u00e3o cheio de quebras, capitula\u00e7\u00f5es, deser\u00e7\u00f5es, omiss\u00f5es e tudo o mais&#8230;\u201d Um dia nos disse Antonio Candido, e quando parece que a rua n\u00e3o tem mais sa\u00edda, que o amanhecer continuar\u00e1 escondido na longa noite que insiste em se perpetuar entre n\u00f3s, humanos, \u00e1vidos por liberdade, impedindo que as \u201ccrian\u00e7as cantem livres sobre os muros, e ensinem sonho ao que n\u00e3o pode amor sem dor, e que o passado abra os presentes pro futuro, que n\u00e3o dormiu e preparou: o amanhecer, o amanhecer, o amanhecer&#8230;&#8230;\u201d, falou um dia Taiguara e l\u00e1 fomos visitar Maria Alice Vergueiro.<\/p>\n<p>Manh\u00e3 chuvosa, embora alegre e muito promissora! Sim, n\u00f3s do SATED-SP est\u00e1vamos indo ao encontro da enigm\u00e1tica, da irreverente diva do Teatro Brasileiro, que mesmo longe dos palcos fez de sua resid\u00eancia, seu teatro!<\/p>\n<p>Sabendo que o SATED-SP iria levar uma placa em sua homenagem, denominado Pr\u00eamio L\u00e9lia Abramo, acordou cedo e come\u00e7ou a se preparar para mais um dia de fun\u00e7\u00e3o no palco do seu cotidiano.<\/p>\n<p>N\u00e3o quis ajuda. Escolheu sozinha seu mais belo figurino. Um vestido vermelho que lhe caiu muito bem, condizendo com toda a sua trajet\u00f3ria pol\u00edtica e art\u00edstica!<\/p>\n<p>Diante do espelho fez sua maquiagem para que todos os seus tra\u00e7os fossem marcados pelas antol\u00f3gicas interpreta\u00e7\u00f5es de personagens que interpretou ao longo de sua trajet\u00f3ria art\u00edstica como, em O Rei da Vela, Gracias Senor, A \u00d3pera do Malandro, A Velha Dama Indigna, A M\u00e3e Coragem, Why The Horse, entre tantos outros e que pudessem acentuar cada hist\u00f3ria de sua vida nos palcos do mundo.<\/p>\n<p>Logo a catarse tomou conta de n\u00f3s na plat\u00e9ia. As cortinas se abriram e l\u00e1 entrava no palco da sua resid\u00eancia com seu mais belo acess\u00f3rio c\u00eanico, sua cadeira de rodas, ela. Ela, com aquele olhar profundo e observando cada um de n\u00f3s, espectador, num sil\u00eancio cadenciado, pausado, demorado&#8230;.., foram as pausas mais impactantes que pudemos observar nesses longos anos de teatro.<\/p>\n<p>Jairo, Jan e Pivetti n\u00e3o tinham nada a dizer. Apenas interpretar aquelas pausas silenciosas. Depois do impacto, tudo o que falamos parecia pat\u00e9tico, sem gra\u00e7a, insolente, um discurso pronto, \u00a0diante daquela cena que sem nenhum ensaio, se tornou para n\u00f3s umas das mais belas cenas j\u00e1 apresentadas no nosso teatro da vida e que nenhum outro espectador ir\u00e1 assistir. Somos privilegiados! E como somos!<\/p>\n<p style=\"text-align: right;\">\u00a0\u00a0\u00a0\u00a0\u00a0\u00a0\u00a0\u00a0\u00a0\u00a0\u00a0\u00a0\u00a0\u00a0\u00a0\u00a0\u00a0\u00a0\u00a0\u00a0\u00a0\u00a0\u00a0\u00a0\u00a0\u00a0\u00a0\u00a0\u00a0\u00a0\u00a0\u00a0\u00a0\u00a0\u00a0\u00a0\u00a0\u00a0\u00a0\u00a0\u00a0\u00a0\u00a0\u00a0\u00a0\u00a0\u00a0\u00a0\u00a0\u00a0\u00a0\u00a0\u00a0\u00a0\u00a0\u00a0\u00a0\u00a0\u00a0\u00a0\u00a0\u00a0\u00a0\u00a0\u00a0\u00a0\u00a0\u00a0\u00a0\u00a0\u00a0\u00a0\u00a0\u00a0\u00a0\u00a0\u00a0\u00a0\u00a0\u00a0\u00a0\u00a0\u00a0\u00a0\u00a0\u00a0\u00a0\u00a0\u00a0\u00a0\u00a0\u00a0\u00a0\u00a0\u00a0\u00a0\u00a0\u00a0\u00a0\u00a0\u00a0\u00a0\u00a0\u00a0\u00a0 Que Assim Seja!<\/p>\n","protected":false},"excerpt":{"rendered":"<p>&nbsp; Por Jairo Maciel. \u201cViver num mundo t\u00e3o cheio de quebras, capitula\u00e7\u00f5es, deser\u00e7\u00f5es, omiss\u00f5es e tudo o mais&#8230;\u201d Um dia nos disse Antonio Candido, e quando parece que a rua n\u00e3o tem mais sa\u00edda, que o amanhecer continuar\u00e1 escondido na longa noite que insiste em se perpetuar entre n\u00f3s, humanos, \u00e1vidos por liberdade, impedindo que&hellip;<\/p>\n","protected":false},"author":1,"featured_media":4221,"comment_status":"closed","ping_status":"closed","sticky":false,"template":"","format":"standard","meta":{"cybocfi_hide_featured_image":"","footnotes":""},"categories":[13],"tags":[],"class_list":["post-4220","post","type-post","status-publish","format-standard","has-post-thumbnail","hentry","category-informes"],"_links":{"self":[{"href":"https:\/\/satedsp.org.br\/index.php\/wp-json\/wp\/v2\/posts\/4220","targetHints":{"allow":["GET"]}}],"collection":[{"href":"https:\/\/satedsp.org.br\/index.php\/wp-json\/wp\/v2\/posts"}],"about":[{"href":"https:\/\/satedsp.org.br\/index.php\/wp-json\/wp\/v2\/types\/post"}],"author":[{"embeddable":true,"href":"https:\/\/satedsp.org.br\/index.php\/wp-json\/wp\/v2\/users\/1"}],"replies":[{"embeddable":true,"href":"https:\/\/satedsp.org.br\/index.php\/wp-json\/wp\/v2\/comments?post=4220"}],"version-history":[{"count":0,"href":"https:\/\/satedsp.org.br\/index.php\/wp-json\/wp\/v2\/posts\/4220\/revisions"}],"wp:featuredmedia":[{"embeddable":true,"href":"https:\/\/satedsp.org.br\/index.php\/wp-json\/wp\/v2\/media\/4221"}],"wp:attachment":[{"href":"https:\/\/satedsp.org.br\/index.php\/wp-json\/wp\/v2\/media?parent=4220"}],"wp:term":[{"taxonomy":"category","embeddable":true,"href":"https:\/\/satedsp.org.br\/index.php\/wp-json\/wp\/v2\/categories?post=4220"},{"taxonomy":"post_tag","embeddable":true,"href":"https:\/\/satedsp.org.br\/index.php\/wp-json\/wp\/v2\/tags?post=4220"}],"curies":[{"name":"wp","href":"https:\/\/api.w.org\/{rel}","templated":true}]}}