{"id":9060,"date":"2019-11-05T18:07:29","date_gmt":"2019-11-05T21:07:29","guid":{"rendered":"https:\/\/www.satedsp.org.br\/?p=9060"},"modified":"2019-11-05T18:07:29","modified_gmt":"2019-11-05T21:07:29","slug":"censura-nao","status":"publish","type":"post","link":"https:\/\/satedsp.org.br\/index.php\/2019\/11\/05\/censura-nao\/","title":{"rendered":"Censura N\u00c3O!!!"},"content":{"rendered":"<h1>Sindicatos de artistas, produtores e diretores afirmam que h\u00e1 censura pr\u00e9via no pa\u00eds<\/h1>\n<h5><strong>Desde o in\u00edcio da semana, uma audi\u00eancia p\u00fablica no Supremo Tribunal Federal discute as medidas tomadas em rela\u00e7\u00e3o ao cinema no Brasil. O grupo alega que existe a inten\u00e7\u00e3o de acuar quem pensa diferente do governo do presidente Jair Bolsonaro. O governo suspendeu edital de produ\u00e7\u00f5es que seriam exibidas em TVs p\u00fablicas, incluindo filme de tem\u00e1tica LGBT.<\/strong><\/h5>\n<p><i class=\"icon-player-play\">Fonte: <a href=\"http:\/\/cbn.globoradio.globo.com\/media\/audio\/280633\/sindicatos-de-artistas-produtores-e-diretores-afir.htm\">http:\/\/cbn.globoradio.globo.com\/media\/audio\/280633\/sindicatos-de-artistas-produtores-e-diretores-afir.htm<\/a><br \/>\n<\/i><\/p>\n","protected":false},"excerpt":{"rendered":"<p>Sindicatos de artistas, produtores e diretores afirmam que h\u00e1 censura pr\u00e9via no pa\u00eds Desde o in\u00edcio da semana, uma audi\u00eancia p\u00fablica no Supremo Tribunal Federal discute as medidas tomadas em rela\u00e7\u00e3o ao cinema no Brasil. O grupo alega que existe a inten\u00e7\u00e3o de acuar quem pensa diferente do governo do presidente Jair Bolsonaro. O governo&hellip;<\/p>\n","protected":false},"author":1,"featured_media":9061,"comment_status":"closed","ping_status":"closed","sticky":false,"template":"","format":"standard","meta":{"cybocfi_hide_featured_image":"","footnotes":""},"categories":[13],"tags":[],"class_list":["post-9060","post","type-post","status-publish","format-standard","has-post-thumbnail","hentry","category-informes"],"_links":{"self":[{"href":"https:\/\/satedsp.org.br\/index.php\/wp-json\/wp\/v2\/posts\/9060","targetHints":{"allow":["GET"]}}],"collection":[{"href":"https:\/\/satedsp.org.br\/index.php\/wp-json\/wp\/v2\/posts"}],"about":[{"href":"https:\/\/satedsp.org.br\/index.php\/wp-json\/wp\/v2\/types\/post"}],"author":[{"embeddable":true,"href":"https:\/\/satedsp.org.br\/index.php\/wp-json\/wp\/v2\/users\/1"}],"replies":[{"embeddable":true,"href":"https:\/\/satedsp.org.br\/index.php\/wp-json\/wp\/v2\/comments?post=9060"}],"version-history":[{"count":0,"href":"https:\/\/satedsp.org.br\/index.php\/wp-json\/wp\/v2\/posts\/9060\/revisions"}],"wp:featuredmedia":[{"embeddable":true,"href":"https:\/\/satedsp.org.br\/index.php\/wp-json\/"}],"wp:attachment":[{"href":"https:\/\/satedsp.org.br\/index.php\/wp-json\/wp\/v2\/media?parent=9060"}],"wp:term":[{"taxonomy":"category","embeddable":true,"href":"https:\/\/satedsp.org.br\/index.php\/wp-json\/wp\/v2\/categories?post=9060"},{"taxonomy":"post_tag","embeddable":true,"href":"https:\/\/satedsp.org.br\/index.php\/wp-json\/wp\/v2\/tags?post=9060"}],"curies":[{"name":"wp","href":"https:\/\/api.w.org\/{rel}","templated":true}]}}