{"id":919,"date":"2014-02-03T19:46:39","date_gmt":"2014-02-03T21:46:39","guid":{"rendered":"http:\/\/www.satedsp.org.br\/2014\/02\/03\/oracao-a-sao-bras\/"},"modified":"2014-02-03T19:46:39","modified_gmt":"2014-02-03T21:46:39","slug":"oracao-a-sao-bras","status":"publish","type":"post","link":"https:\/\/satedsp.org.br\/index.php\/2014\/02\/03\/oracao-a-sao-bras\/","title":{"rendered":"Ora\u00e7\u00e3o a S\u00e3o Bras"},"content":{"rendered":"<p style=\"text-align: justify;\">Para os que acreditam, rezem com f\u00e9. Para os n\u00e3o crentes, palavras bonitas e cheias de boa inten\u00e7\u00e3o.<\/p>\n<p style=\"text-align: justify;\">\u00a0<\/p>\n<p class=\"MsoNormal\" style=\"line-height: normal; text-align: justify;\">\u00a0<\/p>\n<p>  <!--more-->  <\/p>\n<p>\u00a0<\/p>\n<p class=\"MsoNormal\" style=\"line-height: normal; text-align: justify;\">\u00d3 bem-aventurado S\u00e3o Br\u00e1s, que recebeste de Deus o poder de proteger os homens contra as doen\u00e7as da garganta e outros males, afastai de mim a doen\u00e7a que me aflige. <br \/> (Fa\u00e7a seu pedido)<\/p>\n<p> Conservai a minha garganta s\u00e3 e perfeita para que eu possa falar corretamente e assim proclamar e cantar os louvores de Deus. Com a gra\u00e7a de Deus e com a Vossa ajuda, prometo esfor\u00e7ar-me, \u00f3 glorioso M\u00e1rtir S\u00e3o Br\u00e1s, para que a fala que sair da minha garganta seja sempre:<\/p>\n<p> De verdade e n\u00e3o de mentira;<br \/> De justi\u00e7a e n\u00e3o de cal\u00fania;<br \/> De bondade e n\u00e3o de aspereza;<br \/> De compreens\u00e3o e n\u00e3o de intransig\u00eancia;<br \/> De perd\u00e3o e n\u00e3o de condena\u00e7\u00e3o;<br \/> De desculpa e n\u00e3o de acusa\u00e7\u00e3o;<br \/> De respeito e n\u00e3o de desacato;<br \/> De concilia\u00e7\u00e3o e n\u00e3o de intriga;<br \/> De calma e n\u00e3o de irrita\u00e7\u00e3o;<br \/> De desapego e n\u00e3o de ego\u00edsmo;<br \/> De edifica\u00e7\u00e3o e n\u00e3o de esc\u00e2ndalo;<br \/> De \u00e2nimo e n\u00e3o de derrotismo;<br \/> De conformidade e n\u00e3o de lam\u00farias;<br \/> De amor e n\u00e3o de \u00f3dio;<br \/> De alegria e n\u00e3o de tristeza;<br \/> De f\u00e9 e n\u00e3o de descren\u00e7a;<br \/> De esperan\u00e7a e n\u00e3o de desespero.<\/p>\n<p> S\u00e3o Br\u00e1s intercedei diante de Deus por mim, por minha fam\u00edlia e por todos os que sofrem dos males da garganta. Que por nossas palavras possamos bendizer a Deus e cantar os seus louvores.<\/p>\n<p> S\u00e3o Br\u00e1s, rogai por n\u00f3s! (3 x)<br \/> \u00d3 Deus, por intercess\u00e3o de S\u00e3o Br\u00e1s bispo e m\u00e1rtir, nos livre dos males da garganta e de toda e qualquer doen\u00e7a. Am\u00e9m.<\/p>\n<p style=\"text-align: justify;\">\u00a0<\/p>\n<p style=\"text-align: justify;\">\u00a0<\/p>\n","protected":false},"excerpt":{"rendered":"<p>Para os que acreditam, rezem com f\u00e9. Para os n\u00e3o crentes, palavras bonitas e cheias de boa inten\u00e7\u00e3o. \u00a0 \u00a0<\/p>\n","protected":false},"author":1,"featured_media":0,"comment_status":"open","ping_status":"open","sticky":false,"template":"","format":"standard","meta":{"cybocfi_hide_featured_image":"","footnotes":""},"categories":[8],"tags":[],"class_list":["post-919","post","type-post","status-publish","format-standard","hentry","category-sem-categoria"],"_links":{"self":[{"href":"https:\/\/satedsp.org.br\/index.php\/wp-json\/wp\/v2\/posts\/919","targetHints":{"allow":["GET"]}}],"collection":[{"href":"https:\/\/satedsp.org.br\/index.php\/wp-json\/wp\/v2\/posts"}],"about":[{"href":"https:\/\/satedsp.org.br\/index.php\/wp-json\/wp\/v2\/types\/post"}],"author":[{"embeddable":true,"href":"https:\/\/satedsp.org.br\/index.php\/wp-json\/wp\/v2\/users\/1"}],"replies":[{"embeddable":true,"href":"https:\/\/satedsp.org.br\/index.php\/wp-json\/wp\/v2\/comments?post=919"}],"version-history":[{"count":0,"href":"https:\/\/satedsp.org.br\/index.php\/wp-json\/wp\/v2\/posts\/919\/revisions"}],"wp:attachment":[{"href":"https:\/\/satedsp.org.br\/index.php\/wp-json\/wp\/v2\/media?parent=919"}],"wp:term":[{"taxonomy":"category","embeddable":true,"href":"https:\/\/satedsp.org.br\/index.php\/wp-json\/wp\/v2\/categories?post=919"},{"taxonomy":"post_tag","embeddable":true,"href":"https:\/\/satedsp.org.br\/index.php\/wp-json\/wp\/v2\/tags?post=919"}],"curies":[{"name":"wp","href":"https:\/\/api.w.org\/{rel}","templated":true}]}}