{"id":939,"date":"2014-05-09T12:47:00","date_gmt":"2014-05-09T15:47:00","guid":{"rendered":"http:\/\/www.satedsp.org.br\/2014\/05\/09\/cultura-perde-moises-miastkwosky\/"},"modified":"2014-05-09T12:47:00","modified_gmt":"2014-05-09T15:47:00","slug":"cultura-perde-moises-miastkwosky","status":"publish","type":"post","link":"https:\/\/satedsp.org.br\/index.php\/2014\/05\/09\/cultura-perde-moises-miastkwosky\/","title":{"rendered":"Cultura perde Moises Miastkwosky"},"content":{"rendered":"<p class=\"MsoNormal\" style=\"text-align: justify;\"><img decoding=\"async\" class=\" alignleft size-full wp-image-938\" src=\"http:\/\/www.satedsp.org.br\/wp-content\/uploads\/2014\/05\/Moises_Miastkwosky.jpg\" border=\"0\" align=\"left\" width=\"250\" height=\"199\" \/>Faleceu na ter\u00e7a-feira, no \u00faltimo dia 6, o ator e diretor teatral Moises Miastkwosky.\u00a0 Formado em Artes C\u00eanicas pela Faculdade Paulista de Artes, estagiou no Mudra Internacional de Bruxelas, na Opera Studio, no Teatro Real da Belgica e na Academia de Arte Dram\u00e1tica de Houston. Dirigiu mais de 80 espet\u00e1culos teatrais, entre eles: \u201cAnt\u00edgona\u201d, \u201c\u00c9dipo Rei\u201d, \u201cPrometeu Acorrentado\u201d, \u201cSanto Inqu\u00e9rito\u201d, \u201cMorte e Vida Severina\u201d, \u201cOs Fuzis da Senhora Carrar\u201d, \u201cEquus\u201d, \u201cEntre Quatro Paredes\u201d, entre outros. Recentemente, dirigiu o espet\u00e1culo \u201cO Casamento do Pequeno Burgu\u00eas\u201d no Teatro Augusta. Criador do Festival Estudantil de Teatro do Estado de S\u00e3o Paulo, tamb\u00e9m foi jurado\u00a0 de mais de 50 mostras teatrais. Associou-se ao SATED\/SP em 1978 e, desde ent\u00e3o,\u00a0 sempre prestigiou o seu Sindicato. Saudades Mois\u00e9s e que flores\u00e7am na vida as obras que voc\u00ea plantou.<\/p>\n<p class=\"MsoNormal\" style=\"text-align: justify;\">\u00a0<\/p>\n","protected":false},"excerpt":{"rendered":"<p>Faleceu na ter\u00e7a-feira, no \u00faltimo dia 6, o ator e diretor teatral Moises Miastkwosky.\u00a0 Formado em Artes C\u00eanicas pela Faculdade Paulista de Artes, estagiou no Mudra Internacional de Bruxelas, na Opera Studio, no Teatro Real da Belgica e na Academia de Arte Dram\u00e1tica de Houston. Dirigiu mais de 80 espet\u00e1culos teatrais, entre eles: \u201cAnt\u00edgona\u201d, \u201c\u00c9dipo&hellip;<\/p>\n","protected":false},"author":1,"featured_media":938,"comment_status":"open","ping_status":"open","sticky":false,"template":"","format":"standard","meta":{"cybocfi_hide_featured_image":"","footnotes":""},"categories":[8],"tags":[],"class_list":["post-939","post","type-post","status-publish","format-standard","has-post-thumbnail","hentry","category-sem-categoria"],"_links":{"self":[{"href":"https:\/\/satedsp.org.br\/index.php\/wp-json\/wp\/v2\/posts\/939","targetHints":{"allow":["GET"]}}],"collection":[{"href":"https:\/\/satedsp.org.br\/index.php\/wp-json\/wp\/v2\/posts"}],"about":[{"href":"https:\/\/satedsp.org.br\/index.php\/wp-json\/wp\/v2\/types\/post"}],"author":[{"embeddable":true,"href":"https:\/\/satedsp.org.br\/index.php\/wp-json\/wp\/v2\/users\/1"}],"replies":[{"embeddable":true,"href":"https:\/\/satedsp.org.br\/index.php\/wp-json\/wp\/v2\/comments?post=939"}],"version-history":[{"count":0,"href":"https:\/\/satedsp.org.br\/index.php\/wp-json\/wp\/v2\/posts\/939\/revisions"}],"wp:featuredmedia":[{"embeddable":true,"href":"https:\/\/satedsp.org.br\/index.php\/wp-json\/wp\/v2\/media\/938"}],"wp:attachment":[{"href":"https:\/\/satedsp.org.br\/index.php\/wp-json\/wp\/v2\/media?parent=939"}],"wp:term":[{"taxonomy":"category","embeddable":true,"href":"https:\/\/satedsp.org.br\/index.php\/wp-json\/wp\/v2\/categories?post=939"},{"taxonomy":"post_tag","embeddable":true,"href":"https:\/\/satedsp.org.br\/index.php\/wp-json\/wp\/v2\/tags?post=939"}],"curies":[{"name":"wp","href":"https:\/\/api.w.org\/{rel}","templated":true}]}}