{"id":943,"date":"2014-05-14T19:11:50","date_gmt":"2014-05-14T22:11:50","guid":{"rendered":"http:\/\/www.satedsp.org.br\/2014\/05\/14\/carcere-de-ideias\/"},"modified":"2014-05-14T19:11:50","modified_gmt":"2014-05-14T22:11:50","slug":"carcere-de-ideias","status":"publish","type":"post","link":"https:\/\/satedsp.org.br\/index.php\/2014\/05\/14\/carcere-de-ideias\/","title":{"rendered":"C\u00e1rcere de Ideias"},"content":{"rendered":"<p style=\"text-align: center;\"><img fetchpriority=\"high\" decoding=\"async\" class=\" size-full wp-image-942\" src=\"http:\/\/www.satedsp.org.br\/wp-content\/uploads\/2014\/05\/carcere.jpg\" border=\"0\" width=\"650\" height=\"494\" srcset=\"https:\/\/satedsp.org.br\/wp-content\/uploads\/2014\/05\/carcere.jpg 650w, https:\/\/satedsp.org.br\/wp-content\/uploads\/2014\/05\/carcere-300x228.jpg 300w, https:\/\/satedsp.org.br\/wp-content\/uploads\/2014\/05\/carcere-370x281.jpg 370w, https:\/\/satedsp.org.br\/wp-content\/uploads\/2014\/05\/carcere-642x488.jpg 642w\" sizes=\"(max-width: 650px) 100vw, 650px\" \/><\/p>\n<p>\u00a0<\/p>\n<p class=\"MsoNormal\" style=\"text-align: justify;\">O espet\u00e1culo <strong>\u201cDitadura- C\u00e1rcere de Ideias\u201d<\/strong> \u00e9 uma obra inspirada nos epis\u00f3dios que marcaram os 50 anos da Ditadura Militar em nosso pa\u00eds. Mostra a falta de democracia, a censura \u00e0 classe art\u00edstica, a persegui\u00e7\u00e3o pol\u00edtica, a repress\u00e3o e as torturas sofridas aos que eram contra o regime militar como os estudantes e sindicalistas. Uma homenagem a todos os que de alguma maneira tiveram seus direitos restringidos ou desaparecidos, como o exemplo dos sindicalistas e civis que foram presos nos calabou\u00e7os do navio Raul Soares, que se transformou em c\u00e1rcere flutuante no Porto de Santos.<\/p>\n<p class=\"MsoNormal\" style=\"text-align: justify;\">\u00a0<\/p>\n<p class=\"MsoNormal\" style=\"text-align: justify;\">Uma obra que descortina os fatos ocorridos neste per\u00edodo, fazendo com que os \u201cAnos de Chumbo\u201d n\u00e3o se apaguem da nossa mem\u00f3ria e das gera\u00e7\u00f5es futuras, pois a velocidade do tempo na vida contempor\u00e2nea e a circula\u00e7\u00e3o fren\u00e9tica de informa\u00e7\u00f5es aumentaram ainda mais a dist\u00e2ncia desse passado recente, por\u00e9m os corpos e as almas continuam a ser violados at\u00e9 os dias de hoje.<\/p>\n<p class=\"MsoNormal\" style=\"text-align: justify;\">\u00a0<\/p>\n<p class=\"MsoNormal\" style=\"text-align: justify;\"><em><strong>\u201cPerdoem por tantos perigos, perdoem a falta de abrigo, perdoem a falta de amigos, os dias eram assim&#8230;\u201d.<\/strong><\/em><\/p>\n<p class=\"MsoNormal\" style=\"text-align: justify;\"><em><strong><br \/><\/strong><\/em><\/p>\n<h1 style=\"text-align: justify;\">Ficha T\u00e9cnica:<\/h1>\n<p class=\"MsoNormal\" style=\"text-align: justify;\"><strong>Elenco:<\/strong> <span style=\"line-height: 1.3em;\">Alexandre Junqueira, <\/span><span style=\"line-height: 1.3em;\">Caio Flauto, <\/span><span style=\"line-height: 1.3em;\">Carol Mazocchi, <\/span><span style=\"line-height: 1.3em;\">Cau\u00e3 Roseno, <\/span><span style=\"line-height: 1.3em;\">Eduardo Tomas, <\/span><span style=\"line-height: 1.3em;\">Eryka Rosa, <\/span><span style=\"line-height: 1.3em;\">Gabriel Deschamps, <\/span><span style=\"line-height: 1.3em;\">Henrique Castilho, <\/span><span style=\"line-height: 1.3em;\">Isabella Chiaradia, <\/span><span style=\"line-height: 1.3em;\">Maria Dias, <\/span><span style=\"line-height: 1.3em;\">Nathalia Freitas, <\/span><span style=\"line-height: 1.3em;\">Nathalie Beller, <\/span><span style=\"line-height: 1.3em;\">Rafael Fran\u00e7a, <\/span><span style=\"line-height: 1.3em;\">Robson Barbosa, <\/span><span style=\"line-height: 1.3em;\">Valmir Nascimento, <\/span><span style=\"line-height: 1.3em;\">Wagner Shiroma.<\/span><\/p>\n<p class=\"MsoNormal\" style=\"text-align: justify;\"><strong>Texto e Dire\u00e7\u00e3o:<\/strong> Virginia Nascimento<\/p>\n<p class=\"MsoNormal\" style=\"text-align: justify;\"><strong>Assistente de Dire\u00e7\u00e3o:<\/strong> Priscilla Andrade<\/p>\n<p class=\"MsoNormal\" style=\"text-align: justify;\"><strong>Dire\u00e7\u00e3o de \u00c1udio Visual:<\/strong> Lucas Rodrigues<\/p>\n<p class=\"MsoNormal\" style=\"text-align: justify;\"><strong>Produ\u00e7\u00e3o Executiva:<\/strong> Dario Loinaz<\/p>\n<p class=\"MsoNormal\" style=\"text-align: justify;\"><strong>Iluminador:<\/strong> Bob Junior<\/p>\n<p class=\"MsoNormal\" style=\"text-align: justify;\"><strong>Assistente de Produ\u00e7\u00e3o:<\/strong> Pedro Capelache<\/p>\n<p class=\"MsoNormal\" style=\"text-align: justify;\"><strong>Contra- Regra:<\/strong> Laudic\u00e9ia Roseno<\/p>\n<p class=\"MsoNormal\" style=\"text-align: justify;\"><strong>Fot\u00f3grafa:<\/strong> Suellen Gon\u00e7alves<\/p>\n<p class=\"MsoNormal\" style=\"text-align: justify;\"><strong>Comunica\u00e7\u00e3o Visual:<\/strong> Caroll Solari<\/p>\n<p class=\"MsoNormal\" style=\"text-align: justify;\"><strong>Temporada:<\/strong> de 15 a 29 de maio,\u00a0<span style=\"line-height: 1.3em;\">Quintas \u00e0s 21:00hs no Teatro Bibi Ferreira<\/span><\/p>\n<p class=\"MsoNormal\" style=\"text-align: justify;\"><strong>Ingresso:<\/strong> R$ 60 inteira e R$ 30 meia<\/p>\n<p class=\"MsoNormal\" style=\"text-align: justify;\"><strong>Dura\u00e7\u00e3o:<\/strong> 70 minutos<\/p>\n<p class=\"MsoNormal\" style=\"text-align: justify;\"><strong>Classifica\u00e7\u00e3o Et\u00e1ria:<\/strong> 14 anos.<\/p>\n<p class=\"MsoNormal\" style=\"text-align: justify;\">\u00a0<\/p>\n<p class=\"MsoNormal\" style=\"text-align: justify;\">Apoio: SATED SP- Sindicato dos Artistas de S\u00e3o Paulo<\/p>\n<p class=\"MsoNormal\" style=\"text-align: justify;\">\u00a0<\/p>\n","protected":false},"excerpt":{"rendered":"<p>\u00a0 O espet\u00e1culo \u201cDitadura- C\u00e1rcere de Ideias\u201d \u00e9 uma obra inspirada nos epis\u00f3dios que marcaram os 50 anos da Ditadura Militar em nosso pa\u00eds. Mostra a falta de democracia, a censura \u00e0 classe art\u00edstica, a persegui\u00e7\u00e3o pol\u00edtica, a repress\u00e3o e as torturas sofridas aos que eram contra o regime militar como os estudantes e sindicalistas.&hellip;<\/p>\n","protected":false},"author":1,"featured_media":942,"comment_status":"open","ping_status":"open","sticky":false,"template":"","format":"standard","meta":{"cybocfi_hide_featured_image":"","footnotes":""},"categories":[8],"tags":[],"class_list":["post-943","post","type-post","status-publish","format-standard","has-post-thumbnail","hentry","category-sem-categoria"],"_links":{"self":[{"href":"https:\/\/satedsp.org.br\/index.php\/wp-json\/wp\/v2\/posts\/943","targetHints":{"allow":["GET"]}}],"collection":[{"href":"https:\/\/satedsp.org.br\/index.php\/wp-json\/wp\/v2\/posts"}],"about":[{"href":"https:\/\/satedsp.org.br\/index.php\/wp-json\/wp\/v2\/types\/post"}],"author":[{"embeddable":true,"href":"https:\/\/satedsp.org.br\/index.php\/wp-json\/wp\/v2\/users\/1"}],"replies":[{"embeddable":true,"href":"https:\/\/satedsp.org.br\/index.php\/wp-json\/wp\/v2\/comments?post=943"}],"version-history":[{"count":0,"href":"https:\/\/satedsp.org.br\/index.php\/wp-json\/wp\/v2\/posts\/943\/revisions"}],"wp:featuredmedia":[{"embeddable":true,"href":"https:\/\/satedsp.org.br\/index.php\/wp-json\/wp\/v2\/media\/942"}],"wp:attachment":[{"href":"https:\/\/satedsp.org.br\/index.php\/wp-json\/wp\/v2\/media?parent=943"}],"wp:term":[{"taxonomy":"category","embeddable":true,"href":"https:\/\/satedsp.org.br\/index.php\/wp-json\/wp\/v2\/categories?post=943"},{"taxonomy":"post_tag","embeddable":true,"href":"https:\/\/satedsp.org.br\/index.php\/wp-json\/wp\/v2\/tags?post=943"}],"curies":[{"name":"wp","href":"https:\/\/api.w.org\/{rel}","templated":true}]}}